{"id":312,"date":"2022-03-07T15:53:26","date_gmt":"2022-03-07T14:53:26","guid":{"rendered":"https:\/\/epccf.com\/?p=312"},"modified":"2026-04-10T11:26:47","modified_gmt":"2026-04-10T09:26:47","slug":"la-gestion-du-stress","status":"publish","type":"post","link":"https:\/\/epccf.com\/index.php\/2022\/03\/07\/la-gestion-du-stress\/","title":{"rendered":"La gestion du stress"},"content":{"rendered":"\n<figure class=\"wp-block-image size-large\"><img loading=\"lazy\" decoding=\"async\" width=\"1024\" height=\"683\" src=\"https:\/\/epccf.com\/wp-content\/uploads\/2022\/03\/20944813-1024x683.jpg\" alt=\"\" class=\"wp-image-303\" srcset=\"https:\/\/epccf.com\/wp-content\/uploads\/2022\/03\/20944813-1024x683.jpg 1024w, https:\/\/epccf.com\/wp-content\/uploads\/2022\/03\/20944813-300x200.jpg 300w, https:\/\/epccf.com\/wp-content\/uploads\/2022\/03\/20944813-768x512.jpg 768w, https:\/\/epccf.com\/wp-content\/uploads\/2022\/03\/20944813-1536x1024.jpg 1536w, https:\/\/epccf.com\/wp-content\/uploads\/2022\/03\/20944813-2048x1365.jpg 2048w\" sizes=\"auto, (max-width: 1024px) 100vw, 1024px\" \/><\/figure>\n\n\n\n<h2 class=\"wp-block-heading\"><strong>Introduction<\/strong><\/h2>\n\n\n\n<p>Je travaille cette th\u00e9matique depuis maintenant quelques ann\u00e9es, de mani\u00e8re individuelle et en groupe. J&rsquo;ai anim\u00e9 des ateliers avec de jeunes adultes, notamment avec les \u00e9tudiants du bachelier \u00e9ducateur sp\u00e9cialis\u00e9 en accompagnement psycho\u00e9ducatif au sein de la Haute \u00e9cole en Hainaut.<\/p>\n\n\n\n<p>Dans le cadre de mes consultations sophrologiques, les demandes en termes de gestion du stress et de l\u2019anxi\u00e9t\u00e9 sont les plus courantes.<\/p>\n\n\n\n<p>La gestion du stress et de l\u2019anxi\u00e9t\u00e9 est \u00e9galement omnipr\u00e9sente dans mes autres domaines d\u2019interventions, que ce soit en consultation conjugale et familiale ou en sexologie clinique.<\/p>\n\n\n\n<figure class=\"wp-block-gallery has-nested-images columns-default is-cropped wp-block-gallery-1 is-layout-flex wp-block-gallery-is-layout-flex\">\n<figure class=\"wp-block-image size-large\"><img loading=\"lazy\" decoding=\"async\" width=\"428\" height=\"800\" data-id=\"328\" src=\"https:\/\/epccf.com\/wp-content\/uploads\/2022\/03\/DSC_9380.jpg\" alt=\"\" class=\"wp-image-328\" srcset=\"https:\/\/epccf.com\/wp-content\/uploads\/2022\/03\/DSC_9380.jpg 428w, https:\/\/epccf.com\/wp-content\/uploads\/2022\/03\/DSC_9380-161x300.jpg 161w\" sizes=\"auto, (max-width: 428px) 100vw, 428px\" \/><\/figure>\n\n\n\n<figure class=\"wp-block-image size-large\"><img loading=\"lazy\" decoding=\"async\" width=\"480\" height=\"270\" data-id=\"326\" src=\"https:\/\/epccf.com\/wp-content\/uploads\/2022\/03\/Image2.jpg\" alt=\"\" class=\"wp-image-326\" srcset=\"https:\/\/epccf.com\/wp-content\/uploads\/2022\/03\/Image2.jpg 480w, https:\/\/epccf.com\/wp-content\/uploads\/2022\/03\/Image2-300x169.jpg 300w\" sizes=\"auto, (max-width: 480px) 100vw, 480px\" \/><\/figure>\n\n\n\n<figure class=\"wp-block-image size-large is-style-default\"><img loading=\"lazy\" decoding=\"async\" width=\"480\" height=\"270\" data-id=\"327\" src=\"https:\/\/epccf.com\/wp-content\/uploads\/2022\/03\/Image4.jpg\" alt=\"\" class=\"wp-image-327\" srcset=\"https:\/\/epccf.com\/wp-content\/uploads\/2022\/03\/Image4.jpg 480w, https:\/\/epccf.com\/wp-content\/uploads\/2022\/03\/Image4-300x169.jpg 300w\" sizes=\"auto, (max-width: 480px) 100vw, 480px\" \/><\/figure>\n\n\n\n<figure class=\"wp-block-image size-large is-style-default\"><img loading=\"lazy\" decoding=\"async\" width=\"1000\" height=\"438\" data-id=\"330\" src=\"https:\/\/epccf.com\/wp-content\/uploads\/2022\/03\/DSC_1350_floute.jpg\" alt=\"\" class=\"wp-image-330\" srcset=\"https:\/\/epccf.com\/wp-content\/uploads\/2022\/03\/DSC_1350_floute.jpg 1000w, https:\/\/epccf.com\/wp-content\/uploads\/2022\/03\/DSC_1350_floute-300x131.jpg 300w, https:\/\/epccf.com\/wp-content\/uploads\/2022\/03\/DSC_1350_floute-768x336.jpg 768w\" sizes=\"auto, (max-width: 1000px) 100vw, 1000px\" \/><\/figure>\n\n\n\n<figure class=\"wp-block-image size-large\"><img loading=\"lazy\" decoding=\"async\" width=\"1024\" height=\"682\" data-id=\"329\" src=\"https:\/\/epccf.com\/wp-content\/uploads\/2022\/03\/Atelier-n\u00b04-3-1024x682.jpg\" alt=\"\" class=\"wp-image-329\" srcset=\"https:\/\/epccf.com\/wp-content\/uploads\/2022\/03\/Atelier-n\u00b04-3-1024x682.jpg 1024w, https:\/\/epccf.com\/wp-content\/uploads\/2022\/03\/Atelier-n\u00b04-3-300x200.jpg 300w, https:\/\/epccf.com\/wp-content\/uploads\/2022\/03\/Atelier-n\u00b04-3-768x512.jpg 768w, https:\/\/epccf.com\/wp-content\/uploads\/2022\/03\/Atelier-n\u00b04-3.jpg 1076w\" sizes=\"auto, (max-width: 1024px) 100vw, 1024px\" \/><\/figure>\n<\/figure>\n\n\n\n<p><\/p>\n\n\n\n<p>La \u00ab\u00a0gestion\u00a0\u00bb du stress, voici un th\u00e8me qui parle \u00e0 la plupart d\u2019entre nous, mais g\u00e9rer son stress, qu\u2019est-ce que cela signifie\u00a0?<\/p>\n\n\n\n<p>Je vais, \u00e0 travers cet article, essayer d&rsquo;apporter certaines r\u00e9ponses \u00e0 ce sujet.<\/p>\n\n\n\n<p>D&#8217;embl\u00e9e, deux questions se posent. Peut-on r\u00e9ellement g\u00e9rer son stress\u00a0? Et si oui, quelles sont les techniques ou m\u00e9thodes efficaces\u00a0?<\/p>\n\n\n\n<p>Dans l\u2019imaginaire collectif\u00a0:<\/p>\n\n\n\n<ol class=\"wp-block-list\">\n<li>une personne apte \u00e0 g\u00e9rer son stress est une personne passive, que rien n\u2019atteint ;<\/li>\n\n\n\n<li>il existerai une \u00ab\u00a0bonne\u00a0\u00bb m\u00e9thode pour g\u00e9rer son stress ;<\/li>\n\n\n\n<li>si je peux le faire, je ne vois pas pourquoi ce ne serait pas possible pour lui, pour elle ;<\/li>\n<\/ol>\n\n\n\n<p><\/p>\n\n\n\n<ol class=\"wp-block-list\">\n<li>la r\u00e9alit\u00e9 est tout autre. La passivit\u00e9 n&rsquo;est pas synonyme de gestion du stress et nul ne peut \u00eatre \u00e9pargn\u00e9 par les affres de la vie. Nous ne pouvons \u00e9viter la peine, la douleur, le stress, c\u2019est la v\u00e9rit\u00e9, mais nous pouvons d\u00e9cider de quelle mani\u00e8re nous allons l\u2019aborder, l\u00e0 se trouve la \u00ab\u00a0gestion\u00a0\u00bb du stress\u00a0;<\/li>\n\n\n\n<li>si nous pouvons admettre que chacun d\u2019entre nous est singuli\u00e8rement diff\u00e9rent, nous pouvons admettre qu\u2019il ne peut exister une, mais bien une multitude de m\u00e9thodes pour g\u00e9rer son stress. Sophrologie, m\u00e9ditation de pleine conscience et autres approches psychocorporelles, jardinage, sport, etc. Ce qui importe c\u2019est de trouver la m\u00e9thode qui vous correspond\u00a0! Par ailleurs, il est un fait qu&rsquo;avoir une activit\u00e9 physique r\u00e9guli\u00e8re, une bonne hygi\u00e8ne de vie, etc. sont indissociables \u00e0 la gestion du stress et ne sont en rien li\u00e9es \u00e0 une quelconque m\u00e9thode ;<\/li>\n\n\n\n<li>dans les faits, nous ne r\u00e9agissons pas tous de la m\u00eame mani\u00e8re face \u00e0 une situation stressante. Tout le monde n&rsquo;a, par exemple, pas le m\u00eame niveau de stress lorsqu&rsquo;il doit parler en public et donc l&rsquo;impact du stress n&rsquo;a pas les m\u00eames cons\u00e9quences pour les uns et pour les autres. Il est important d\u2019essayer de ne pas nous comparer aux autres, nous sommes qui nous sommes. Notez que cette notion de niveau est par ailleurs importante.<\/li>\n<\/ol>\n\n\n\n<p>Cependant, il est vrai que certaines situations stressantes, quant \u00e0 elles, engendreront des r\u00e9actions similaires chez nous tous. Par exemple, face \u00e0 une hypothermie, les m\u00e9canismes du stress sont communs \u00e0 tous les individus, tout du moins d&rsquo;un point de vue physiologique.<\/p>\n\n\n\n<p>Pour appr\u00e9hender ce qu\u2019est le stress et \u00ab\u00a0agir\u00a0\u00bb sur celui-ci, il faut comprendre plusieurs facteurs le concernant.<\/p>\n\n\n\n<p>Entre autres :<\/p>\n\n\n\n<ol class=\"wp-block-list\">\n<li>\u00c0 quel moment celui-ci survient-il ?<\/li>\n\n\n\n<li>Quelle est sa r\u00e9currence ?<\/li>\n\n\n\n<li>\u00c0 quoi sert-il ?<\/li>\n\n\n\n<li>Comment se manifeste-t-il ?<\/li>\n\n\n\n<li>Quelles en sont ses cons\u00e9quences\u2009?<\/li>\n<\/ol>\n\n\n\n<p><\/p>\n\n\n\n<h2 class=\"wp-block-heading\">1. <strong>Le moment o\u00f9 il appara\u00eet est <strong>situationnel<\/strong><\/strong> <strong>et contextuel . <\/strong><\/h2>\n\n\n\n<h3 class=\"wp-block-heading\">1.1 La situation<\/h3>\n\n\n\n<p>La situation c&rsquo;est l&rsquo;ensemble des circonstances dans lesquelles une personne se trouve.<\/p>\n\n\n\n<p>Le stress peut survenir dans trois situations diff\u00e9rentes<\/p>\n\n\n\n<ol style=\"list-style-type:1\" class=\"wp-block-list\">\n<li>de mani\u00e8re impr\u00e9visible, il n\u2019est pas appr\u00e9hend\u00e9. Exemple\u00a0: vous \u00e9vitez un accident alors que vous conduisez\u00a0;<\/li>\n\n\n\n<li>de mani\u00e8re pr\u00e9visible, il peut \u00eatre appr\u00e9hend\u00e9. Exemple\u00a0: vous devez pr\u00e9senter un examen dont vous connaissiez l\u2019\u00e9ch\u00e9ance\u00a0;<\/li>\n\n\n\n<li>de mani\u00e8re pr\u00e9visible, mais vous n\u2019en avez pas n\u00e9cessairement conscience. Exemples\u00a0: Vous travailler dans un environnement bruyant, vous faites partie d\u2019un syst\u00e8me dysfonctionnel, etc.<\/li>\n<\/ol>\n\n\n\n<p>Questions \u00e0 se poser sur la situation:<\/p>\n\n\n\n<ul class=\"wp-block-list\">\n<li>Puis-je en anticiper la survenue ?<\/li>\n\n\n\n<li>Puis-je en d\u00e9terminer l\u2019issue ?<\/li>\n\n\n\n<li>Puis-je avoir une influence sur celle-ci\u00a0?<\/li>\n<\/ul>\n\n\n\n<h3 class=\"wp-block-heading\">1.2 Le contexte<\/h3>\n\n\n\n<p>Le contexte c&rsquo;est l&rsquo;ensemble des circonstances dans lesquelles se produit un fait.<\/p>\n\n\n\n<p>Je peux \u00eatre tr\u00e8s \u00e0 l&rsquo;aise pour parler en public, mais si celui-ci m&rsquo;est hostile, cela va certainement \u00eatre plus complexe \u00e0 g\u00e9rer. Ici, le contexte peut avoir un impacte directe sur mon niveau de stress.<\/p>\n\n\n\n<p>Questions \u00e0 se poser \u00e0 propos du contexte:<\/p>\n\n\n\n<ul class=\"wp-block-list\">\n<li>Ai-je une prise sur la situation dans ce contexte ?<\/li>\n\n\n\n<li>Puis-je avoir une influence sur celui-ci\u00a0?<\/li>\n<\/ul>\n\n\n\n<p><\/p>\n\n\n\n<h3 class=\"wp-block-heading\">1.3 En r\u00e9sum\u00e9<\/h3>\n\n\n\n<p>Si certaines situations peuvent \u00eatre anticip\u00e9es, le contexte dans lequel elles vont se d\u00e9rouler est quant \u00e0 lui souvent plus incertain.<\/p>\n\n\n\n<p>Disons que, si la situation est pr\u00e9visible ou envisageable, nous pouvons g\u00e9rer notre stress.<\/p>\n\n\n\n<p>Quant au contexte, le nombre de variables \u00e9tant souvent hors de notre port\u00e9e, le \u00a0\u00bb l\u00e2cher-prise \u00a0\u00bb ou l&rsquo;entrainement sont de mani\u00e8re g\u00e9n\u00e9rale les meilleures options de gestion du stress .<\/p>\n\n\n\n<p>Si le contexte est d\u00e9l\u00e9t\u00e8re, deux strat\u00e9gies seront \u00e0 consid\u00e9rer : la fuite ou le combat, mais dans ce dernier cas, attention \u00e0 l&rsquo;\u00e9puisement ! Une troisi\u00e8me strat\u00e9gie existe, c\u2019est l\u2019inaction, mais elle se manifeste souvent dans des contextes particuliers comme\u00a0: les situations anormales, celles des violences qui surviennent de fa\u00e7on brutale, soudaine et impensable (Le repli\/l\u2019inhibition de l\u2019action (sid\u00e9ration)). Cela fera l\u2019objet d\u2019un prochain article.<\/p>\n\n\n\n<p><\/p>\n\n\n\n<h3 class=\"wp-block-heading\">2. Ponctuel versus r\u00e9p\u00e9titif\u00a0\u00a0\u00a0\u00a0<\/h3>\n\n\n\n<p>Prenons, par exemple, une situation dans laquelle vous conduisez un v\u00e9hicule. Une voiture surgit et vous l\u2019\u00e9vitez. Vous venez de subir un stress dont les manifestations physiologiques sont parfaitement perceptibles. Votre c\u0153ur s\u2019est acc\u00e9l\u00e9r\u00e9 de mani\u00e8re soudaine, votre souffle est court, vous \u00eates p\u00e2le, vous suez, etc.<\/p>\n\n\n\n<p>Cette phase de stress est normale, n\u00e9cessaire et salutaire, celle-ci vient de vous \u00e9viter un accident. Le retour \u00e0 la normale survient assez rapidement et cette phase de stress n\u2019a pas de cons\u00e9quences n\u00e9gatives. Cette phase de stress est ponctuelle, elle est dite <strong>adaptative<\/strong>.<\/p>\n\n\n\n<p>Si l\u2019\u00e9v\u00e8nement ne survient qu\u2019une seule fois, les cons\u00e9quences du stress, \u00e0 proprement parler, ne sont pas d\u00e9l\u00e9t\u00e8res sauf si l\u2019\u00e9v\u00e8nement ponctuel auquel vous faites face est traumatisant. Il est \u00e9vident que survivre \u00e0 une fusillade, \u00e0 un attentat ou une agression tr\u00e8s violente risque d\u2019entrainer des cons\u00e9quences graves. Par exemple un \u00e9tat de stress post-traumatique.<\/p>\n\n\n\n<p>Prenons un autre exemple, celui d&rsquo;un travailleur dans une institution dysfonctionnelle et imaginons que le stress subit est r\u00e9p\u00e9titif, conscientis\u00e9 ou non peu importe.<\/p>\n\n\n\n<p>M\u00eame si travailler dans ce contexte ne met pas la vie de ce travailleur en danger dans l\u2019imm\u00e9diatet\u00e9, le stress subit, va-lui, devenir chronique et ces effets sur le long terme vont devenir d\u00e9l\u00e9t\u00e8res pour sa sant\u00e9, tant sur le plan organique, cognitif que psychologique. Les aspects relationnels et sociaux de ce travailleur risquent, eux aussi, de se d\u00e9t\u00e9riorer \u00e0 cause de son \u00e9tat de stress. Si le travailleur de notre exemple n\u2019arrive pas \u00e0 s\u2019adapter, on parle alors de stress <strong>d\u00e9pass\u00e9<\/strong>.<\/p>\n\n\n\n<h3 class=\"wp-block-heading\">2.1 Peut-on g\u00e9rer le stress \u00ab\u00a0ponctuel\u00a0\u00bb\u00a0?<\/h3>\n\n\n\n<p>En r\u00e8gle g\u00e9n\u00e9rale oui, sauf situations extr\u00eames (violence extr\u00eame, danger de mort imminent, etc.)<\/p>\n\n\n\n<p>Exemple : lorsque vous conduisez, vous avez conscience qu&rsquo;un conducteur tiers peut \u00e0 tout moment avoir un moment d&rsquo;inattention et perdre le contr\u00f4le de son v\u00e9hicule. Le risque d&rsquo;accident est r\u00e9el. La plupart d&rsquo;entre nous en acceptent l&rsquo;id\u00e9e et les risques li\u00e9s. Mais si cette id\u00e9e vous stresse au point que vous ne puissiez plus prendre le volant, rien ne vous interdit de prendre des cours de conduite d\u00e9fensive pour augmenter vos comp\u00e9tences et de facto retrouver votre confiance en vous. La gestion du stress n\u2019est pas une question de \u00ab\u00a0passivit\u00e9\u00a0\u00bb.<\/p>\n\n\n\n<p>Autre exemple : vous devez passer l\u2019examen pratique du permis de conduire (m\u00eame si cet examen peut-\u00eatre, pour certain, r\u00e9p\u00e9titif\u00a0\ud83d\ude07) et votre moniteur d&rsquo;auto-\u00e9cole vous dit que vous \u00eates pr\u00eat \u00e0 passer l&rsquo;\u00e9preuve, mais rien n&rsquo;y fait, vous \u00eates stress\u00e9. G\u00e9rer cet \u00e9v\u00e8nement ponctuel est tout \u00e0 fait possible, notamment gr\u00e2ce \u00e0 la sophrologie par exemple\u00a0\ud83d\ude0a, et ce avec un travail sur la confiance en soi entre autres.<\/p>\n\n\n\n<p>Comme not\u00e9 ci-devant, la gestion du stress est possible tant que la situation ne met pas directement votre vie en danger.<\/p>\n\n\n\n<p>Mais, direz-vous, pour certaines personnes\u00a0: militaires, agents d&rsquo;intervention, sapeurs-pompiers, etc., les situations extr\u00eames de mise en danger font partie de leur travail et peuvent \u00eatre r\u00e9p\u00e9titives. Si chez eux le stress peut \u00eatre \u00ab\u00a0g\u00e9r\u00e9\u00a0\u00bb, c&rsquo;est parce qu&rsquo;ils s&rsquo;entrainent constamment et qu\u2019ils se pr\u00e9parent \u00e0 affronter ces situations. Notons que les \u00ab\u00a0surhumains \u00a0\u00bb cela n&rsquo;existe que dans les fantasmes. Avoir des aptitudes \u00e0 \u00eatre moins impact\u00e9 par le stress<sup data-fn=\"302e877f-2f0f-4ab7-80a3-e81f6e126f35\" class=\"fn\"><a id=\"302e877f-2f0f-4ab7-80a3-e81f6e126f35-link\" href=\"#302e877f-2f0f-4ab7-80a3-e81f6e126f35\">1<\/a><\/sup> ne prot\u00e8ge pas du stress induit par les situations <strong>r\u00e9p\u00e9titives<\/strong>.<\/p>\n\n\n\n<p>L\u2019entra\u00eenement favorise notre adaptabilit\u00e9 \u00e0 affronter des situations stressantes. Que ce soit en apprenant les bons gestes (secourisme par exemple), ou en apprenant \u00e0 avoir confiance en nous, en nos comp\u00e9tences ou encore en adoptant une certaine maitrise de nos \u00e9motions (sophrologie, m\u00e9ditation de pleine conscience, etc.). Cette capacit\u00e9 \u00e0 mieux r\u00e9pondre au stress est possible gr\u00e2ce \u00e0 qu&rsquo;on appelle \u00ab\u00a0la neuroplasticit\u00e9\u00a0\u00bb<\/p>\n\n\n\n<figure class=\"wp-block-image size-large\"><img loading=\"lazy\" decoding=\"async\" width=\"1024\" height=\"463\" src=\"https:\/\/epccf.com\/wp-content\/uploads\/2022\/03\/neuroplasticite-1024x463.jpg\" alt=\"\" class=\"wp-image-362\" srcset=\"https:\/\/epccf.com\/wp-content\/uploads\/2022\/03\/neuroplasticite-1024x463.jpg 1024w, https:\/\/epccf.com\/wp-content\/uploads\/2022\/03\/neuroplasticite-300x136.jpg 300w, https:\/\/epccf.com\/wp-content\/uploads\/2022\/03\/neuroplasticite-768x347.jpg 768w, https:\/\/epccf.com\/wp-content\/uploads\/2022\/03\/neuroplasticite-1536x694.jpg 1536w, https:\/\/epccf.com\/wp-content\/uploads\/2022\/03\/neuroplasticite.jpg 1540w\" sizes=\"auto, (max-width: 1024px) 100vw, 1024px\" \/><figcaption class=\"wp-element-caption\">Modification des connexions neuronales<\/figcaption><\/figure>\n\n\n\n<p>C&rsquo;est \u00e9galement le but de la r\u00e9p\u00e9tition des exercices sophrologique ou de m\u00e9ditation de pleine conscience. Plus on s&rsquo;y entraine, moins nous sommes sensibles aux situations stressantes et plus le cerveau int\u00e8gre la s\u00e9r\u00e9nit\u00e9, le calme.<\/p>\n\n\n\n<p><\/p>\n\n\n\n<h3 class=\"wp-block-heading\">2.2 Peut-on g\u00e9rer le stress\u00a0r\u00e9p\u00e9titif\u00a0?<\/h3>\n\n\n\n<p>Non ! Une preuve\u00a0?<\/p>\n\n\n\n<p>Prenez un individu, placez-le assis \u00e0 une terrasse de caf\u00e9, un jour d&rsquo;\u00e9t\u00e9 avec une temp\u00e9rature agr\u00e9able, en milieu urbain, au milieu de la circulation, en pleine heure de pointe, relevez ses constantes physiologiques. Placez ce m\u00eame individu \u00e0 une terrasse de caf\u00e9, un jour d&rsquo;\u00e9t\u00e9 avec une temp\u00e9rature agr\u00e9able, mais cette fois dans un parc bien calme et relevez ses constantes. Les r\u00e9sultats ne seront absolument pas les m\u00eames.<\/p>\n\n\n\n<p>Vous le comprenez, le simple fait, comme dans notre exemple, d\u2019\u00eatre soumis \u00e0 un stress sonore r\u00e9gulier, \u00e0 l\u2019agitation de la ville aura une incidence directe sur notre organisme, m\u00eame si nous aimons habiter en ville\u00a0!<\/p>\n\n\n\n<p>Agir est donc la meilleure solution. Prendre le temps de se balader en foret par exemple\u2026<\/p>\n\n\n\n<p>\u00a0\u00bb <em>Une preuve scientifique bien \u00e9tablie d\u00e9montre que l\u2019interaction avec la nature apporte des bienfaits importants tels que\u00a0:<\/em><\/p>\n\n\n\n<ul class=\"wp-block-list\">\n<li><em>Une r\u00e9duction de la fr\u00e9quence cardiaque et de la pression art\u00e9rielle<\/em><\/li>\n\n\n\n<li><em>Une r\u00e9duction de l\u2019activit\u00e9 nerveuse sympathique et des niveaux de cortisol (moins de stress)<\/em><\/li>\n\n\n\n<li><em>Une augmentation de l\u2019activit\u00e9 nerveuse parasympathique (meilleure relaxation)<\/em><\/li>\n\n\n\n<li><em>Une r\u00e9duction de l\u2019anxi\u00e9t\u00e9<\/em> \u00ab\u00a0<sup data-fn=\"e1208a4e-a78a-4b5c-883d-63f9d9fa8111\" class=\"fn\"><a id=\"e1208a4e-a78a-4b5c-883d-63f9d9fa8111-link\" href=\"#e1208a4e-a78a-4b5c-883d-63f9d9fa8111\">2<\/a><\/sup><\/li>\n<\/ul>\n\n\n\n<p>Premi\u00e8re conclusion\u00a0: Les m\u00e9canismes physiologiques qui nous aident \u00e0 faire face \u00e0 une situation stressante, ponctuelle ou non ont des cons\u00e9quences directes sur notre organisme. \u00ab\u00a0G\u00e9r\u00e9es\u00a0\u00bb ou pas, si elles sont r\u00e9p\u00e9titives ou ponctuelles et tr\u00e8s violentes, les cons\u00e9quences du stress auront, quoi qu\u2019il en soit, un effet sur la sant\u00e9.<\/p>\n\n\n\n<p>Nous voyons cela plus en d\u00e9tail \u00e0 partir du point 3.<\/p>\n\n\n\n<h3 class=\"wp-block-heading\">2.3 L&rsquo;alternance<\/h3>\n\n\n\n<p>De mani\u00e8re naturelle, les p\u00e9riodes de stress et de retour \u00e0 la normale sont indissociables. Le but est que les p\u00e9riodes de stress soient les plus br\u00e8ves possible et que les p\u00e9riodes \u00ab\u00a0sans\u00a0\u00bb stress soient r\u00e9paratrices. Le tout est de faire en sorte que notre organisme ne secr\u00e8te pas les hormones du stress trop longtemps, car ce sont elles qui nous rendent malades.<\/p>\n\n\n\n<p>Exemple : les \u00e9preuves sportives sont \u00e0 la fois ponctuelles et r\u00e9p\u00e9titives.<\/p>\n\n\n\n<p>En ce qui concerne les sportifs de haut niveau, la gestion du stress consiste \u00e0 g\u00e9rer celui-ci au quotidien, pendant les phases d&rsquo;entrainements, de repos, avant et pendant les comp\u00e9titions. Ceux-ci sont souvent suivis par des pr\u00e9parateurs sportifs, dont des coachs mentaux. Ces derniers savent que si leurs \u00ab\u00a0poulains\u00a0\u00bb subissent un stress trop important leurs performances ne seront pas bonnes et qu&rsquo;apr\u00e8s la p\u00e9riode de stress due \u00e0 une comp\u00e9tition, le retour \u00e0 une situation normale s&rsquo;impose sinon pas de victoire possible, puisque leur \u00e9tat g\u00e9n\u00e9ral va se d\u00e9t\u00e9riorer.<\/p>\n\n\n\n<p>Pour le commun comme pour le sportif de haut niveau, apprendre \u00e0 g\u00e9rer son stress est possible. Sophrologues, coachs mentaux, etc. sont des personnes-ressources utiles \u00e0 cet effet.<\/p>\n\n\n\n<p>Il est important de prendre du temps pour soi, de prendre soin de soi, de s&rsquo;octroyer des moments de bien-\u00eatre, de pouvoir se d\u00e9connecter\u2026 de <strong>tout<\/strong> et de revenir <strong>\u00e0 soi<\/strong>.<\/p>\n\n\n\n<h3 class=\"wp-block-heading\">2.3 La gestion du stress n&rsquo;est pas une mise \u00e0 \u00a0\u00bb z\u00e9ro \u00a0\u00bb de celui-ci<\/h3>\n\n\n\n<p>Dans un m\u00eame temps, afin de rompre le coup \u00e0 une id\u00e9e re\u00e7ue, selon laquelle g\u00e9rer son stress c&rsquo;est faire en sorte de le baisser au maximum, s&rsquo;aviez-vous que g\u00e9rer le stress avant une comp\u00e9tition sportive est possible et implique\u2026 de garder un certain niveau de stress\u00a0! Ici encore la sophrologie est tout indiqu\u00e9e. Elle est d&rsquo;ailleurs l&rsquo;un des outils utilis\u00e9s dans la pr\u00e9paration mentale des sportifs de haut niveau.<\/p>\n\n\n\n<p>En effet, pour performer, un certain niveau de stress doit \u00eatre atteint. Celui n\u00e9cessaire pour pr\u00e9parer notre organisme \u00e0 mobiliser toute l&rsquo;\u00e9nergie utile pour affronter nos adversaires, l&rsquo;\u00e9preuve.<\/p>\n\n\n\n<p>Il en va de m\u00eame pour se pr\u00e9senter \u00e0 un test d&#8217;embauche ou un examen. Le tout est affaire de \u00ab\u00a0dosage\u00a0\u00bb.<\/p>\n\n\n\n<p>Ici aussi, la sophrologie ou toutes autres techniques ou m\u00e9thodes qui vous conviennent sont indiqu\u00e9es.<\/p>\n\n\n\n<p><\/p>\n\n\n\n<h3 class=\"wp-block-heading\">3. \u00c0 quoi sert le stress ?<\/h3>\n\n\n\n<p>Pour commencer, il est important de consid\u00e9rer que\u00a0:<\/p>\n\n\n\n<p><strong>Le stress est une action d\u2019adaptation positive et indispensable \u00e0 la vie\u00a0!<\/strong><\/p>\n\n\n\n<p><strong>Chez la plupart des esp\u00e8ces vivantes, dans des conditions <span style=\"text-decoration: underline;\">naturelles<\/span>, le stress est activ\u00e9 quand leur vie est menac\u00e9e !<\/strong> <strong>C&rsquo;est une phase d&rsquo;adaptation. Apr\u00e8s cette phase, dans les m\u00eames conditions, il y a retour \u00e0 la normale.<\/strong><\/p>\n\n\n\n<p>Le stress est cens\u00e9 nous permettre de mobiliser nos ressources pour nous adapter \u00e0 une situation, dans un contexte donn\u00e9.<\/p>\n\n\n\n<p>En ce qui nous concerne, nous stressons pour une multitude de situations qui ne mettent pas notre vie en danger, mais qui dans tous les cas nous tiennent souvent \u00e0 c\u0153ur.<\/p>\n\n\n\n<p>Vous \u00eates bloqu\u00e9s dans la circulation apr\u00e8s une grosse journ\u00e9e de travail et la seule chose que vous d\u00e9sirez, c&rsquo;est de rentrer vous d\u00e9lasser au soleil, les doigts de pieds en \u00e9ventail. Bonjour la frustration, bonjour le stress ! On ne peut plus humain.<\/p>\n\n\n\n<h2 class=\"wp-block-heading\">4. Comment se manifeste-t-il ?<\/h2>\n\n\n\n<p>Hans Selye, n\u00e9 \u00e0 Vienne le 26 janvier 1907 et mort \u00e0 Montr\u00e9al le 16 octobre 1982, est un m\u00e9decin qu\u00e9b\u00e9cois.<\/p>\n\n\n\n<p>Il a th\u00e9oris\u00e9 le Syndrome G\u00e9n\u00e9ral d\u2018Adaptation.<\/p>\n\n\n\n<p>Celui-ci se d\u00e9roule en trois phases.<\/p>\n\n\n\n<ul class=\"wp-block-list\">\n<li>La phase d\u2019alarme\u00a0;<\/li>\n\n\n\n<li>La phase d\u2019adaptation, r\u00e9sistance\u00a0;<\/li>\n\n\n\n<li>Et enfin, la phase de d\u00e9compensation, d\u2019\u00e9puisement.<\/li>\n<\/ul>\n\n\n\n<p>Ces trois phases s\u2019accompagnent de modifications physiologiques.<\/p>\n\n\n\n<p>Pour en saisir les m\u00e9canismes physiologiques, voyons ce qui se passe en ce qui concerne les trois phases th\u00e9oris\u00e9es par Hans Selye.<\/p>\n\n\n\n<h3 class=\"wp-block-heading\">4.1 Phase d&rsquo;alarme<\/h3>\n\n\n\n<p>Dans cette premi\u00e8re phase, le corps va se pr\u00e9parer \u00e0 r\u00e9agir face \u00e0 la menace.<\/p>\n\n\n\n<p>Premi\u00e8re \u00e9tape, l&rsquo;\u00e9l\u00e9ment d\u00e9clencheur du stress<\/p>\n\n\n\n<figure class=\"wp-block-image size-large\"><img loading=\"lazy\" decoding=\"async\" width=\"1024\" height=\"768\" src=\"https:\/\/epccf.com\/wp-content\/uploads\/2022\/03\/Le-stresseur-1024x768.jpg\" alt=\"\" class=\"wp-image-276\" srcset=\"https:\/\/epccf.com\/wp-content\/uploads\/2022\/03\/Le-stresseur-1024x768.jpg 1024w, https:\/\/epccf.com\/wp-content\/uploads\/2022\/03\/Le-stresseur-300x225.jpg 300w, https:\/\/epccf.com\/wp-content\/uploads\/2022\/03\/Le-stresseur-768x576.jpg 768w, https:\/\/epccf.com\/wp-content\/uploads\/2022\/03\/Le-stresseur.jpg 1058w\" sizes=\"auto, (max-width: 1024px) 100vw, 1024px\" \/><\/figure>\n\n\n\n<p>Dans cet exemple, il est, comment dire ? Directement identifiable !<\/p>\n\n\n\n<p>La vue et l&rsquo;ou\u00efe sont souvent les premiers d\u00e9clencheurs d&rsquo;un \u00e9tat de stress.<\/p>\n\n\n\n<p>Pas toujours, pensez-vous ?<\/p>\n\n\n\n<p>Dans le cadre de l&rsquo;anticipation d&rsquo;une situation stressante, ce sont souvent des images mentales qui nous mettent en situation de stress. Le cerveau ne fait aucune diff\u00e9rence entre r\u00e9elle et imaginaire, du moins dans un premier temps et qui n&rsquo;a jamais imagin\u00e9 une conversation difficile avec un tiers ?<\/p>\n\n\n\n<p>Tous nos sens peuvent, bien entendu, et c&rsquo;est leur but, nous transmettre des informations sur notre environnement et nous alerter en cas de danger. Les diff\u00e9rents sens sont d&rsquo;ailleurs \u00e0 la base du travail sophrologique, les images mentales \u00e9tant les plus sollicit\u00e9es.<\/p>\n\n\n\n<h4 class=\"wp-block-heading\">4.1.1 Que se passe-t-il au niveau du cerveau ?<\/h4>\n\n\n\n<p>Quand la situation peut \u00eatre analys\u00e9e et que le risque n&rsquo;est pas imm\u00e9diat, nous pouvons faire appel \u00e0 notre n\u00e9ocortex. Cette partie du cerveau nous permet entre autres de rationaliser une situation.<\/p>\n\n\n\n<p>Quant au syst\u00e8me limbique et au cerveau reptilien, ils servent eux \u00e0 r\u00e9agir de mani\u00e8re rapide face \u00e0 une situation <strong>ressentie<\/strong> comme dangereuse. Fort heureusement !<\/p>\n\n\n\n<p>Dans certaines situations la r\u00e9flexion n&rsquo;est pas un toujours un gage de survie. Rappelez-vous l&rsquo;exemple du v\u00e9hicule qui risque de vous percuter. Votre r\u00e9ponse d&rsquo;\u00e9vitement est quasi instantan\u00e9e ! Au fait, vous n&rsquo;aviez pas vu la bordure sur le c\u00f4t\u00e9 ?<\/p>\n\n\n\n<figure class=\"wp-block-image size-large\"><img loading=\"lazy\" decoding=\"async\" width=\"1024\" height=\"768\" src=\"https:\/\/epccf.com\/wp-content\/uploads\/2022\/03\/Cerveau-1024x768.jpg\" alt=\"\" class=\"wp-image-277\" srcset=\"https:\/\/epccf.com\/wp-content\/uploads\/2022\/03\/Cerveau-1024x768.jpg 1024w, https:\/\/epccf.com\/wp-content\/uploads\/2022\/03\/Cerveau-300x225.jpg 300w, https:\/\/epccf.com\/wp-content\/uploads\/2022\/03\/Cerveau-768x576.jpg 768w, https:\/\/epccf.com\/wp-content\/uploads\/2022\/03\/Cerveau.jpg 1058w\" sizes=\"auto, (max-width: 1024px) 100vw, 1024px\" \/><\/figure>\n\n\n\n<p><strong>Bon, soyons clairs, cette explication est celle que l&rsquo;on trouve g\u00e9n\u00e9ralement, mais qui est compl\u00e8tement r\u00e9fut\u00e9e aujourd&rsquo;hui !<\/strong> Elle est simpliste et au mieux sch\u00e9matise ce qui se passe. En r\u00e9alit\u00e9, le cerveau ne se pr\u00e9sente pas en trois parties distinctes, il est beaucoup plus complexe. M\u00eame s&rsquo;il existe bien diff\u00e9rentes parties, dans le cerveau, impliqu\u00e9es dans certaines fonctions (langage, vision, motricit\u00e9, etc.), gr\u00e2ce aux neurosciences, on sait maintenant que les diff\u00e9rentes zones du cerveau sont interconnect\u00e9es. <\/p>\n\n\n\n<p>Ce que l&rsquo;on peut retenir sur notre fa\u00e7on de r\u00e9agir au stress, c&rsquo;est que nous percevons des informations gr\u00e2ce \u00e0 nos organes des sens, organes qui transmettent les informations au cerveau. Ces informations sont \u00a0\u00bb analys\u00e9es \u00a0\u00bb et ensuite plus ou moins conscientis\u00e9es.<\/p>\n\n\n\n<p>\u00a0\u00bb <em>Le traitement de l\u2019information sensorielle est un processus neurophysiologique impliquant les syst\u00e8mes nerveux p\u00e9riph\u00e9rique et central. Ce traitement se manifeste en quatre \u00e9tapes bien pr\u00e9cises : la r\u00e9ception du stimulus, le suivi de sa modulation, son int\u00e9gration ainsi que son organisation. Le syst\u00e8me nerveux re\u00e7oit, d\u2019abord, les diff\u00e9rents messages sensoriels de l\u2019environnement imm\u00e9diat qui sont per\u00e7us par nos diff\u00e9rents r\u00e9cepteurs sensoriels. La r\u00e9ception de ce stimulus se fait au niveau p\u00e9riph\u00e9rique du syst\u00e8me nerveux tandis que sa d\u00e9tection se fait au niveau central. Par la suite, l\u2019information re\u00e7ue est modul\u00e9e afin de permettre l\u2019int\u00e9gration et l\u2019organisation de celle-ci en une <strong>r\u00e9ponse comportementale en lien avec le stimulus per\u00e7u initialement<\/strong>.<\/em><\/p>\n\n\n\n<p><em>Pendant la r\u00e9alisation de ces quatre \u00e9tapes essentielles au processus, le tronc c\u00e9r\u00e9bral a comme r\u00f4le de juger de la pertinence de l\u2019information sensorielle re\u00e7ue. <strong>Cela fait en sorte que la r\u00e9ponse comportementale sera ajust\u00e9e en fonction de l\u2019importance de l\u2019information d\u00e9tect\u00e9e<\/strong>.<\/em><\/p>\n\n\n\n<p><em>Le traitement de l\u2019information sensorielle permet donc de bien identifier et d\u2019organiser les diff\u00e9rents types de sensations possibles provenant de nos sept diff\u00e9rents syst\u00e8mes sensoriels. Ces syst\u00e8mes sont le syst\u00e8me gustatif, le syst\u00e8me olfactif, le syst\u00e8me auditif, le syst\u00e8me visuel, le syst\u00e8me somatosensoriel (tactile et proprioceptif), et le syst\u00e8me vestibulaire2. Ces trois derniers jouent un r\u00f4le de premier plan concernant le processus du traitement de l\u2019information sensorielle. En effet, ils contribuent particuli\u00e8rement au d\u00e9veloppement du tonus musculaire, des habilet\u00e9s motrices, de la conscience de soi ainsi que de l\u2019habilet\u00e9 \u00e0 interagir ad\u00e9quatement avec les autres individus. Si l\u2019un de ces trois syst\u00e8mes a une atteinte quelconque, il y aura r\u00e9percussion sur le fonctionnement de la personne dans son quotidien, car les r\u00e9ponses comportementales ne seront par ad\u00e9quates et congruentes avec l\u2019information sensorielle re\u00e7ue. \u00ab\u00a0<\/em><sup data-fn=\"0fe19bf7-4fc6-4268-a93b-e85a75d8967a\" class=\"fn\"><a href=\"#0fe19bf7-4fc6-4268-a93b-e85a75d8967a\" id=\"0fe19bf7-4fc6-4268-a93b-e85a75d8967a-link\">3<\/a><\/sup><\/p>\n\n\n\n<h4 class=\"wp-block-heading\">4.1.2 Que se passe-t-il au niveau de notre organisme ?<\/h4>\n\n\n\n<p>Reprenons l&rsquo;exemple de notre homme de Cro-Magnon face \u00e0 un dinosaure affam\u00e9 (en r\u00e9alit\u00e9 il n&rsquo;a jamais pu voir de dinosaures \ud83d\ude09) et voyons quelle est la cascade d&rsquo;\u00e9v\u00e8nements qui vont se produire dans notre organisme.<\/p>\n\n\n\n<p>Vous voyez un danger potentiel.<\/p>\n\n\n\n<figure class=\"wp-block-image size-large\"><img loading=\"lazy\" decoding=\"async\" width=\"1024\" height=\"768\" src=\"https:\/\/epccf.com\/wp-content\/uploads\/2022\/03\/Vision_alarme-1024x768.jpg\" alt=\"\" class=\"wp-image-281\" srcset=\"https:\/\/epccf.com\/wp-content\/uploads\/2022\/03\/Vision_alarme-1024x768.jpg 1024w, https:\/\/epccf.com\/wp-content\/uploads\/2022\/03\/Vision_alarme-300x225.jpg 300w, https:\/\/epccf.com\/wp-content\/uploads\/2022\/03\/Vision_alarme-768x576.jpg 768w, https:\/\/epccf.com\/wp-content\/uploads\/2022\/03\/Vision_alarme.jpg 1058w\" sizes=\"auto, (max-width: 1024px) 100vw, 1024px\" \/><\/figure>\n\n\n\n<figure class=\"wp-block-image size-large\"><img loading=\"lazy\" decoding=\"async\" width=\"1024\" height=\"768\" src=\"https:\/\/epccf.com\/wp-content\/uploads\/2022\/03\/Vision_adrenaline-1024x768.jpg\" alt=\"\" class=\"wp-image-282\" srcset=\"https:\/\/epccf.com\/wp-content\/uploads\/2022\/03\/Vision_adrenaline-1024x768.jpg 1024w, https:\/\/epccf.com\/wp-content\/uploads\/2022\/03\/Vision_adrenaline-300x225.jpg 300w, https:\/\/epccf.com\/wp-content\/uploads\/2022\/03\/Vision_adrenaline-768x576.jpg 768w, https:\/\/epccf.com\/wp-content\/uploads\/2022\/03\/Vision_adrenaline.jpg 1058w\" sizes=\"auto, (max-width: 1024px) 100vw, 1024px\" \/><\/figure>\n\n\n\n<p>C&rsquo;est la phase d&rsquo;alarme. La lib\u00e9ration de l&rsquo;adr\u00e9naline dans le sang va provoquer tr\u00e8s rapidement une cascade de modifications au niveau de vos organes : dilatation des pupilles, augmentation de la pression sanguine, augmentation du rythme respiratoire, etc. Ceci afin de vous pr\u00e9parer \u00e0 la fuite ou au combat.<\/p>\n\n\n\n<figure class=\"wp-block-image size-large\"><img loading=\"lazy\" decoding=\"async\" width=\"1024\" height=\"768\" src=\"https:\/\/epccf.com\/wp-content\/uploads\/2022\/03\/alarme-1024x768.jpg\" alt=\"\" class=\"wp-image-283\" srcset=\"https:\/\/epccf.com\/wp-content\/uploads\/2022\/03\/alarme-1024x768.jpg 1024w, https:\/\/epccf.com\/wp-content\/uploads\/2022\/03\/alarme-300x225.jpg 300w, https:\/\/epccf.com\/wp-content\/uploads\/2022\/03\/alarme-768x576.jpg 768w, https:\/\/epccf.com\/wp-content\/uploads\/2022\/03\/alarme.jpg 1058w\" sizes=\"auto, (max-width: 1024px) 100vw, 1024px\" \/><\/figure>\n\n\n\n<p>Si apr\u00e8s cette premi\u00e8re phase vous \u00eates hors de danger, l&rsquo;adr\u00e9naline est \u00e9limin\u00e9e et il y a retour \u00e0 la normale.<\/p>\n\n\n\n<h3 class=\"wp-block-heading\">4.2 Phase d\u2019adaptation, r\u00e9sistance<\/h3>\n\n\n\n<p>Imaginez maintenant que le danger n&rsquo;est pas \u00e9cart\u00e9 et que la situation dure dans le temps, votre vie est toujours en danger.<\/p>\n\n\n\n<p>Dans cette seconde phase, si la source de notre stress ne dispara\u00eet pas, l&rsquo;adr\u00e9naline ne suffit plus.<\/p>\n\n\n\n<p>Un autre m\u00e9canisme se met alors en place. L&rsquo;organisme va produire d&rsquo;autres hormones (CRH, ACTH et Cortisol entre autres) pour vous permettre de faire face \u00e0 la situation stressante persistante.<\/p>\n\n\n\n<figure class=\"wp-block-image size-large\"><img loading=\"lazy\" decoding=\"async\" width=\"1024\" height=\"768\" src=\"https:\/\/epccf.com\/wp-content\/uploads\/2022\/03\/Cortisol-1024x768.png\" alt=\"\" class=\"wp-image-284\" srcset=\"https:\/\/epccf.com\/wp-content\/uploads\/2022\/03\/Cortisol-1024x768.png 1024w, https:\/\/epccf.com\/wp-content\/uploads\/2022\/03\/Cortisol-300x225.png 300w, https:\/\/epccf.com\/wp-content\/uploads\/2022\/03\/Cortisol-768x576.png 768w, https:\/\/epccf.com\/wp-content\/uploads\/2022\/03\/Cortisol.png 1058w\" sizes=\"auto, (max-width: 1024px) 100vw, 1024px\" \/><\/figure>\n\n\n\n<p>Le cortisol va exercer un r\u00e9trocontr\u00f4le sur le cerveau pour qu&rsquo;il calme la r\u00e9action d&rsquo;adaptation.<\/p>\n\n\n\n<figure class=\"wp-block-image size-large\"><img loading=\"lazy\" decoding=\"async\" width=\"1024\" height=\"768\" src=\"https:\/\/epccf.com\/wp-content\/uploads\/2022\/03\/resistance-1-1024x768.png\" alt=\"\" class=\"wp-image-382\" srcset=\"https:\/\/epccf.com\/wp-content\/uploads\/2022\/03\/resistance-1-1024x768.png 1024w, https:\/\/epccf.com\/wp-content\/uploads\/2022\/03\/resistance-1-300x225.png 300w, https:\/\/epccf.com\/wp-content\/uploads\/2022\/03\/resistance-1-768x576.png 768w, https:\/\/epccf.com\/wp-content\/uploads\/2022\/03\/resistance-1.png 1058w\" sizes=\"auto, (max-width: 1024px) 100vw, 1024px\" \/><\/figure>\n\n\n\n<p>Si les situations ou les contextes sources du stress disparaissent, les taux de cortisol vont revenir \u00e0 la normale.<\/p>\n\n\n\n<p>Si vous \u00eates dans cette situation, c&rsquo;est peut-\u00eatre parce que vous avez choisi de combattre ou prenez conscience que la situation vous est n\u00e9faste ou vous para\u00eet sans issue.<\/p>\n\n\n\n<p>C&rsquo;est ici qu&rsquo;il faut se poser les questions :<\/p>\n\n\n\n<ul class=\"wp-block-list\">\n<li>Dois-je continuer \u00e0 combattre ?<\/li>\n\n\n\n<li>Ou, dois-je prendre la fuite ?<\/li>\n<\/ul>\n\n\n\n<p>Exemple :<\/p>\n\n\n\n<p>Vous travaillez dans un milieu professionnel dysfonctionnel, votre patron est un harceleur, etc. Dans ce cas, la seule bonne gestion du stress n&rsquo;est-elle pas la fuite\u00a0?<\/p>\n\n\n\n<p>Quelques fois, il n&rsquo;y a pas de solution et si l&rsquo;on s&rsquo;\u00e9chine \u00e0 vouloir en trouver, l&rsquo;\u00e9puisement en sera peut-\u00eatre la seule issue. Le burn-out n&rsquo;arrive qu&rsquo;\u00e0 ceux qui s&rsquo;impliquent !<\/p>\n\n\n\n<p>Parfois c\u2019est la fonction, le poste occup\u00e9 qui est g\u00e9n\u00e9rateur de stress.<\/p>\n\n\n\n<p>Pour les pompiers, les ambulanciers, les m\u00e9decins urgentistes, les policiers, certains travailleurs sociaux, etc., la fuite n\u2019est pas toujours l\u2019option id\u00e9ale pour ces personnes et une gestion quotidienne du stress a ici toute son importance.<\/p>\n\n\n\n<p>C\u2019est aussi l\u00e0 que le milieu professionnel doit \u00eatre fonctionnel, que les risques psychosociaux doivent \u00eatre pris en compte et qu\u2019un accompagnement doit \u00eatre mis en place si n\u00e9cessaire.<\/p>\n\n\n\n<p><\/p>\n\n\n\n<h3 class=\"wp-block-heading\">4.3 Phase d\u2019\u00e9puisement<\/h3>\n\n\n\n<p>Vous n&rsquo;avez pas pu vous r\u00e9soudre la situation de stress, vous n&rsquo;avez pas eu l&rsquo;opportunit\u00e9 de vous en extirper ou encore, le contexte ne vous l&rsquo;a pas permis.<\/p>\n\n\n\n<p>Dans ces cas de figure, le r\u00e9trocontr\u00f4le du cortisol ne fonctionne plus et occasionne le d\u00e9r\u00e8glement de l&rsquo;organisme avec son cort\u00e8ge de probl\u00e9matiques sur celui-ci.<\/p>\n\n\n\n<figure class=\"wp-block-image size-large\"><img loading=\"lazy\" decoding=\"async\" width=\"1024\" height=\"768\" src=\"https:\/\/epccf.com\/wp-content\/uploads\/2022\/03\/epuisement-1024x768.png\" alt=\"\" class=\"wp-image-286\" srcset=\"https:\/\/epccf.com\/wp-content\/uploads\/2022\/03\/epuisement-1024x768.png 1024w, https:\/\/epccf.com\/wp-content\/uploads\/2022\/03\/epuisement-300x225.png 300w, https:\/\/epccf.com\/wp-content\/uploads\/2022\/03\/epuisement-768x576.png 768w, https:\/\/epccf.com\/wp-content\/uploads\/2022\/03\/epuisement.png 1058w\" sizes=\"auto, (max-width: 1024px) 100vw, 1024px\" \/><\/figure>\n\n\n\n<p><\/p>\n\n\n\n<p>\u00c0 ce stade, des probl\u00e8mes de sant\u00e9 graves vont survenir.<\/p>\n\n\n\n<h2 class=\"wp-block-heading\">5. Les cons\u00e9quences<\/h2>\n\n\n\n<p>De mani\u00e8re non exhaustive :<\/p>\n\n\n\n<ul class=\"wp-block-list\">\n<li>diab\u00e8te ;<\/li>\n\n\n\n<li>ob\u00e9sit\u00e9 ;<\/li>\n\n\n\n<li>maladies cardiovasculaires ;<\/li>\n\n\n\n<li>d\u00e9pression ;<\/li>\n\n\n\n<li>effets d\u00e9l\u00e9t\u00e8res sur les fonctions cognitives<sup data-fn=\"e07d25d0-66c5-4e21-a05b-b064f9686880\" class=\"fn\"><a id=\"e07d25d0-66c5-4e21-a05b-b064f9686880-link\" href=\"#e07d25d0-66c5-4e21-a05b-b064f9686880\">4<\/a><\/sup>.<\/li>\n<\/ul>\n\n\n\n<p>Le stress chronique peu donc induire un \u00e9tat d\u00e9pressif.<\/p>\n\n\n\n<p><em>Les \u00e9tudes d\u2019imagerie c\u00e9r\u00e9brale montrent une diminution de volume de la substance grise chez les sujets d\u00e9prim\u00e9s au sein de diff\u00e9rentes r\u00e9gions c\u00e9r\u00e9brales et en particulier le cortex pr\u00e9frontal. De plus, on observe gr\u00e2ce \u00e0 l\u2019IRM fonctionnelle un hypofonctionnement au niveau pr\u00e9frontal avec une diminution du flux sanguin et du m\u00e9tabolisme du glucose. Le cortex pr\u00e9frontal n\u2019est donc plus suffisamment actif pour contrecarrer nos r\u00e9actions \u00e9motionnelles, il y a une rupture de l\u2019\u00e9quilibre avec l\u2019amygdale hyperactiv\u00e9e. Les patients d\u00e9prim\u00e9s ne sont plus capables de faire face \u00e0 leurs \u00e9motions, de prendre des d\u00e9cisions ou d\u2019adapter leur comportement.<\/em><\/p>\n\n\n\n<figure class=\"wp-block-image size-full\"><img loading=\"lazy\" decoding=\"async\" width=\"900\" height=\"733\" src=\"https:\/\/epccf.com\/wp-content\/uploads\/2022\/03\/animation.gif\" alt=\"\" class=\"wp-image-287\"\/><\/figure>\n\n\n\n<p><em>Alors qu\u2019un stress ponctuel engendre une r\u00e9ponse physiologique adapt\u00e9e et bien contr\u00f4l\u00e9e, des stress trop violents, trop fr\u00e9quents ou prolong\u00e9s dans le temps peuvent d\u00e9r\u00e9guler l\u2019axe HHS et induire des taux chroniquement \u00e9lev\u00e9s de cortisol et\/ou de CRH. Des d\u00e9r\u00e9gulations de l\u2019axe HHS ont \u00e9t\u00e9 associ\u00e9es \u00e0 de nombreuses pathologies psychiatriques comme les troubles de l\u2019anxi\u00e9t\u00e9, la d\u00e9pression ou encore l\u2019addiction. Au niveau anatomique, des stress r\u00e9p\u00e9t\u00e9s ou des taux anormalement \u00e9lev\u00e9s de cortisol alt\u00e8rent la morphologie et le fonctionnement des neurones dans de nombreuses r\u00e9gions comme l\u2019hippocampe, structure impliqu\u00e9e dans la m\u00e9moire, le cortex pr\u00e9frontal, si\u00e8ge des fonctions cognitives, ainsi que dans l\u2019ensemble du syst\u00e8me dit de r\u00e9compense.<\/em><sup data-fn=\"727ceddb-bd1a-41aa-876c-2975d73b5e24\" class=\"fn\"><a id=\"727ceddb-bd1a-41aa-876c-2975d73b5e24-link\" href=\"#727ceddb-bd1a-41aa-876c-2975d73b5e24\">5<\/a><\/sup><\/p>\n\n\n\n<figure class=\"wp-block-image size-large\"><img loading=\"lazy\" decoding=\"async\" width=\"1024\" height=\"768\" src=\"https:\/\/epccf.com\/wp-content\/uploads\/2022\/03\/epuisement2-1024x768.png\" alt=\"\" class=\"wp-image-289\" srcset=\"https:\/\/epccf.com\/wp-content\/uploads\/2022\/03\/epuisement2-1024x768.png 1024w, https:\/\/epccf.com\/wp-content\/uploads\/2022\/03\/epuisement2-300x225.png 300w, https:\/\/epccf.com\/wp-content\/uploads\/2022\/03\/epuisement2-768x576.png 768w, https:\/\/epccf.com\/wp-content\/uploads\/2022\/03\/epuisement2.png 1058w\" sizes=\"auto, (max-width: 1024px) 100vw, 1024px\" \/><\/figure>\n\n\n\n<p><\/p>\n\n\n\n<p>Les risques pour la sant\u00e9 en cas de stress chronique sont de mani\u00e8re non exhaustive :<\/p>\n\n\n\n<figure class=\"wp-block-image size-large\"><img loading=\"lazy\" decoding=\"async\" width=\"1024\" height=\"576\" src=\"https:\/\/epccf.com\/wp-content\/uploads\/2022\/03\/Impact-1-1024x576.png\" alt=\"\" class=\"wp-image-352\" srcset=\"https:\/\/epccf.com\/wp-content\/uploads\/2022\/03\/Impact-1-1024x576.png 1024w, https:\/\/epccf.com\/wp-content\/uploads\/2022\/03\/Impact-1-300x169.png 300w, https:\/\/epccf.com\/wp-content\/uploads\/2022\/03\/Impact-1-768x432.png 768w, https:\/\/epccf.com\/wp-content\/uploads\/2022\/03\/Impact-1.png 1411w\" sizes=\"auto, (max-width: 1024px) 100vw, 1024px\" \/><\/figure>\n\n\n\n<p>Les cons\u00e9quences dues au stress chronique sur la sant\u00e9 sont nombreuses et peuvent \u00eatre source de divers troubles g\u00e9n\u00e9raux, voir dangereuses sur le plan physiologique. \u00ab\u00a0<em>Le \u00ab\u00a0stress\u00a0\u00bb est fr\u00e9quemment invoqu\u00e9 comme l&rsquo;une des causes principales de l&rsquo;infarctus du myocarde \u00e0 c\u00f4t\u00e9 de l&rsquo;hypercholest\u00e9rol\u00e9mie, l&rsquo;hypertension et le tabagisme<\/em>.\u00a0\u00bb<sup data-fn=\"f936eae7-f013-4566-89ac-65b73eaab3e3\" class=\"fn\"><a id=\"f936eae7-f013-4566-89ac-65b73eaab3e3-link\" href=\"#f936eae7-f013-4566-89ac-65b73eaab3e3\">6<\/a><\/sup><\/p>\n\n\n\n<h2 class=\"wp-block-heading\">6. Les solutions<\/h2>\n\n\n\n<h3 class=\"wp-block-heading\">6.1 L&rsquo;allopathie<\/h3>\n\n\n\n<p>Elle est surtout utilis\u00e9e quand il y a un sch\u00e9ma d\u00e9pressif, anxieux.<\/p>\n\n\n\n<figure class=\"wp-block-image size-large\"><img loading=\"lazy\" decoding=\"async\" width=\"1024\" height=\"768\" src=\"https:\/\/epccf.com\/wp-content\/uploads\/2022\/03\/allopathie-1024x768.png\" alt=\"\" class=\"wp-image-291\" srcset=\"https:\/\/epccf.com\/wp-content\/uploads\/2022\/03\/allopathie-1024x768.png 1024w, https:\/\/epccf.com\/wp-content\/uploads\/2022\/03\/allopathie-300x225.png 300w, https:\/\/epccf.com\/wp-content\/uploads\/2022\/03\/allopathie-768x576.png 768w, https:\/\/epccf.com\/wp-content\/uploads\/2022\/03\/allopathie.png 1058w\" sizes=\"auto, (max-width: 1024px) 100vw, 1024px\" \/><\/figure>\n\n\n\n<h3 class=\"wp-block-heading\">6.2 La gestion mentale faite soi-m\u00eame.<\/h3>\n\n\n\n<figure class=\"wp-block-image size-large\"><img loading=\"lazy\" decoding=\"async\" width=\"1024\" height=\"768\" src=\"https:\/\/epccf.com\/wp-content\/uploads\/2022\/03\/gestion-mentale-1024x768.png\" alt=\"\" class=\"wp-image-292\" srcset=\"https:\/\/epccf.com\/wp-content\/uploads\/2022\/03\/gestion-mentale-1024x768.png 1024w, https:\/\/epccf.com\/wp-content\/uploads\/2022\/03\/gestion-mentale-300x225.png 300w, https:\/\/epccf.com\/wp-content\/uploads\/2022\/03\/gestion-mentale-768x576.png 768w, https:\/\/epccf.com\/wp-content\/uploads\/2022\/03\/gestion-mentale.png 1058w\" sizes=\"auto, (max-width: 1024px) 100vw, 1024px\" \/><\/figure>\n\n\n\n<h3 class=\"wp-block-heading\">6.3 Les th\u00e9rapies cognitivo-comportementales (T.C.C)<\/h3>\n\n\n\n<p>Ce type de th\u00e9rapies a pour but : le d\u00e9conditionnement, la modification des comportements appris, la modification des pens\u00e9es n\u00e9gatives par des pens\u00e9es positives, la relativisation des situations, etc.<\/p>\n\n\n\n<p><\/p>\n\n\n\n<h3 class=\"wp-block-heading\">6.4 <strong><strong>La th\u00e9rapie somato-psychique : exercices respiratoires et positions anti-crises<\/strong><\/strong><\/h3>\n\n\n\n<p>On utilise l&rsquo;effet relaxant physique sur la composante psychique du stress.<\/p>\n\n\n\n<h4 class=\"wp-block-heading\">6.4.1 <strong>Comment cela est-il possible ?<\/strong><\/h4>\n\n\n\n<p>Voici un exemple avec la m\u00e9thode de relaxation d&rsquo;Edmund Jacobson qui est un m\u00e9decin am\u00e9ricain\u00a0n\u00e9 le 22 avril 1888 \u00e0 Chicago et mort le 7 janvier 1983 \u00e0 Chicago. Sa m\u00e9thode de relaxation est bas\u00e9e sur le rel\u00e2chement musculaire et repose sur le principe de l&rsquo;influence du contr\u00f4le somatique sur la r\u00e9ponse psychique, le rel\u00e2chement musculaire aboutissant \u00e0 la d\u00e9tente mentale.<\/p>\n\n\n\n<figure class=\"wp-block-image size-large\"><img loading=\"lazy\" decoding=\"async\" width=\"1024\" height=\"768\" src=\"https:\/\/epccf.com\/wp-content\/uploads\/2022\/03\/Jacobson-1024x768.png\" alt=\"\" class=\"wp-image-295\" srcset=\"https:\/\/epccf.com\/wp-content\/uploads\/2022\/03\/Jacobson-1024x768.png 1024w, https:\/\/epccf.com\/wp-content\/uploads\/2022\/03\/Jacobson-300x225.png 300w, https:\/\/epccf.com\/wp-content\/uploads\/2022\/03\/Jacobson-768x576.png 768w, https:\/\/epccf.com\/wp-content\/uploads\/2022\/03\/Jacobson.png 1058w\" sizes=\"auto, (max-width: 1024px) 100vw, 1024px\" \/><\/figure>\n\n\n\n<figure class=\"wp-block-image size-large\"><img loading=\"lazy\" decoding=\"async\" width=\"1024\" height=\"768\" src=\"https:\/\/epccf.com\/wp-content\/uploads\/2022\/03\/formation-reticulee-1024x768.png\" alt=\"\" class=\"wp-image-297\" srcset=\"https:\/\/epccf.com\/wp-content\/uploads\/2022\/03\/formation-reticulee-1024x768.png 1024w, https:\/\/epccf.com\/wp-content\/uploads\/2022\/03\/formation-reticulee-300x225.png 300w, https:\/\/epccf.com\/wp-content\/uploads\/2022\/03\/formation-reticulee-768x576.png 768w, https:\/\/epccf.com\/wp-content\/uploads\/2022\/03\/formation-reticulee.png 1058w\" sizes=\"auto, (max-width: 1024px) 100vw, 1024px\" \/><\/figure>\n\n\n\n<p>Si l&rsquo;on diminue le stress gr\u00e2ce au rel\u00e2chement musculaire, le syst\u00e8me limbique ajuste la r\u00e9ponse \u00e9motionnelle et le n\u00e9ocortex re\u00e7ois lui un \u00ab\u00a0message\u00a0\u00bb rassurant. Gr\u00e2ce aux EEG (\u00a0\u00e9lectroenc\u00e9phalogramme), des ondes alpha sont alors enregistrables. Celles-ci sont le reflet de la stabilisation de l&rsquo;\u00e9nergie c\u00e9r\u00e9brale. Les\u00a0ondes alpha\u00a0sont rythmiques et on une fr\u00e9quence de<strong> 8 \u00e0 12 Hz<\/strong> <sup data-fn=\"54a77a5b-20e1-4ac3-a711-1e43193ec339\" class=\"fn\"><a id=\"54a77a5b-20e1-4ac3-a711-1e43193ec339-link\" href=\"#54a77a5b-20e1-4ac3-a711-1e43193ec339\">7<\/a><\/sup>(hertz, ou cycles par seconde). Elles apparaissent dans l&rsquo;EEG de presque tous les individus normaux en \u00e9tat de veille, mais relax\u00e9 ou au repos les yeux ferm\u00e9s.<\/p>\n\n\n\n<figure class=\"wp-block-image size-large\"><img loading=\"lazy\" decoding=\"async\" width=\"1024\" height=\"768\" src=\"https:\/\/epccf.com\/wp-content\/uploads\/2022\/03\/ondes-alpha-1-1024x768.png\" alt=\"\" class=\"wp-image-393\" srcset=\"https:\/\/epccf.com\/wp-content\/uploads\/2022\/03\/ondes-alpha-1-1024x768.png 1024w, https:\/\/epccf.com\/wp-content\/uploads\/2022\/03\/ondes-alpha-1-300x225.png 300w, https:\/\/epccf.com\/wp-content\/uploads\/2022\/03\/ondes-alpha-1-768x576.png 768w, https:\/\/epccf.com\/wp-content\/uploads\/2022\/03\/ondes-alpha-1.png 1058w\" sizes=\"auto, (max-width: 1024px) 100vw, 1024px\" \/><\/figure>\n\n\n\n<h2 class=\"wp-block-heading\">7. La technique sophrologique<\/h2>\n\n\n\n<p>Avec la sophrologie, on met en application plusieurs techniques vues pr\u00e9c\u00e9demment.<\/p>\n\n\n\n<p>Dans les grandes lignes, voici le d\u00e9roul\u00e9 d&rsquo;une s\u00e9ance :<\/p>\n\n\n\n<ul class=\"wp-block-list\">\n<li>Une anamn\u00e8se compl\u00e8te et un entretien sur l&rsquo;objet de la demande sont effectu\u00e9s.<\/li>\n\n\n\n<li>Lors de chaque s\u00e9ance, il y a un bref \u00e9change ;<\/li>\n\n\n\n<li>On proc\u00e8de toujours \u00e0 une relaxation bas\u00e9e sur le rel\u00e2chement musculaire (exemple : Jacobson), les inductions mentales (exemple : training autog\u00e8ne de Schultz) ou sur les protocoles de la sophrologie qui se base sur la relaxation musculaire et mentale. La relaxation en sophrologie <span style=\"text-decoration: underline;\"><strong>n&rsquo;est pas une fin en soi !<\/strong><\/span> La relaxation va permettre une modification de l&rsquo;\u00e9tat de conscience, qui par ailleurs n&rsquo;est pas celui vis\u00e9 par l&rsquo;hypnose. Le sophronis\u00e9 (le client) est bien conscient des ph\u00e9nom\u00e8nes qu&rsquo;il ressent ;<\/li>\n\n\n\n<li>Ensuite viennent les relaxations dynamiques, bas\u00e9es sur la mobilisation du corps dans l&rsquo;espace, une relaxation dans le mouvement, selon des mouvements codifi\u00e9s et effectu\u00e9s dans une respiration synchronique (mani\u00e8re de respirer). Des intentions (exemple : chasser une pens\u00e9e n\u00e9gative) peuvent \u00eatre associ\u00e9es aux mouvements ;<\/li>\n\n\n\n<li>Pour terminer, par une phase \u00ab\u00a0d&rsquo;activation\u00a0\u00bb. P\u00e9riode pendant laquelle le sophrologue va \u00e0 l&rsquo;aide d&rsquo;un discours adapt\u00e9 par la forme et le fond en relation avec la probl\u00e9matique, et ce, de mani\u00e8re positive (le \u00ab\u00a0terpnos logos\u00a0\u00bb) donner \u00e0 entendre au sophronis\u00e9 celui-ci. La base du terpnos logos peut \u00eatre compos\u00e9 de m\u00e9taphores, bas\u00e9 sur un conte, \u00eatre m\u00e9ditatif, etc., et est construit en fonction de votre personnalit\u00e9 et des objectifs \u00e0 atteindre. C&rsquo;est ici que l&rsquo;on peut rapprocher la sophrologie de l&rsquo;utilisation de l&rsquo;hypnose dans les th\u00e9rapies cognitivo-comportementales.<\/li>\n<\/ul>\n\n\n\n<p>La technique sophrologique peut \u00eatre compl\u00e9mentaire, elle est alors un outil suppl\u00e9mentaire \u00e0 la pratique du \u00a0\u00bb th\u00e9rapeute<sup data-fn=\"c74c305a-f769-45bd-8b8e-14dcf9108014\" class=\"fn\"><a id=\"c74c305a-f769-45bd-8b8e-14dcf9108014-link\" href=\"#c74c305a-f769-45bd-8b8e-14dcf9108014\">8<\/a><\/sup> \u00ab\u00a0, de l&rsquo;accompagnant.<\/p>\n\n\n\n<p>Le travail sophrologique mis en place dans le cadre de la gestion du stress se focalise sur les probl\u00e9matiques individuelles ou sur une probl\u00e9matique partag\u00e9es par un groupe.<\/p>\n\n\n\n<p>Les axes de travail sont de mani\u00e8res non exhaustives :<\/p>\n\n\n\n<ul class=\"wp-block-list\">\n<li>L&rsquo;induction d&rsquo;un \u00e9tat de relaxation, de d\u00e9tente ;<\/li>\n\n\n\n<li>L&rsquo;Augmentation de l\u2019estime de soi et de la confiance en soi afin d\u2019\u00e9viter les cercles vicieux ;<\/li>\n\n\n\n<li>Favoriser les pens\u00e9es positives ;<\/li>\n\n\n\n<li>Favoriser la modification des comportements inadapt\u00e9s ;<\/li>\n\n\n\n<li>Prendre conscience de ses \u00e9tats de stress ;<\/li>\n\n\n\n<li>Etc.<\/li>\n<\/ul>\n\n\n\n<p><\/p>\n\n\n\n<h2 class=\"wp-block-heading\">Conclusion<\/h2>\n\n\n\n<p>G\u00e9rer son stress c&rsquo;est :<\/p>\n\n\n\n<ul class=\"wp-block-list\">\n<li>Avoir une bonne hygi\u00e8ne de vie : <strong>bien s\u2019alimenter<\/strong>, avoir une <strong>activit\u00e9 physique r\u00e9guli\u00e8re<\/strong>, s\u2019octroyer des moments de <strong>d\u00e9tentes<\/strong>, de <strong>plaisirs<\/strong>, avoir une bonne hygi\u00e8ne de <strong>sommeil<\/strong> ;<\/li>\n\n\n\n<li>Conna\u00eetre et reconna\u00eetre ses limites ;<\/li>\n\n\n\n<li>Prendre conscience de ses ressources, tant sur le plan intrapersonnel, qu&rsquo;interpersonnel ;<\/li>\n\n\n\n<li>Ne pas h\u00e9siter \u00e0 se faire accompagner par un professionnel de la sant\u00e9 et\/ou de la relation d&rsquo;aide ;<\/li>\n\n\n\n<li>Choisir une m\u00e9thode d&rsquo;accompagnement en ad\u00e9quation avec votre personnalit\u00e9, mais surtout avec un professionnel avec qui vous vous sentez en confiance. Au-del\u00e0 des techniques utilis\u00e9es, c&rsquo;est avant tout avec un autre humain que vous entrez en relation et c&rsquo;est cette relation qui est souvent porteuse d&rsquo;am\u00e9liorations ;<\/li>\n\n\n\n<li>Accepter de fuir des contextes toxiques, dysfonctionnels.<\/li>\n\n\n\n<li>Avoir conscience que l&rsquo;\u00e9tat de stress est naturel, mais que sa chronicit\u00e9 ou sa grande intensit\u00e9 vous mettent en danger.<\/li>\n<\/ul>\n\n\n\n<p><\/p>\n\n\n\n<h2 class=\"wp-block-heading\">Sources<\/h2>\n\n\n\n<p><strong>Cr\u00e9dit image intro<\/strong> : <a href=\"https:\/\/fr.freepik.com\/vecteurs\/personnage\">Personnage vecteur cr\u00e9\u00e9 par vectorjuice &#8211; fr.freepik.com<\/a><\/p>\n\n\n\n<p><strong>Cr\u00e9dit photographique<\/strong> : Tous droits r\u00e9serv\u00e9s Emmanuel Panfil<\/p>\n\n\n<ol class=\"wp-block-footnotes\"><li id=\"302e877f-2f0f-4ab7-80a3-e81f6e126f35\">Marie-France Marin, Robert Paul Juster. (2011, janvier). <em>G\u00e9n\u00e9tique et stress : y a-t-il un lien ?<\/em> MAMMOUTH MAGAZINE, LE MAGAZINE OFFICIEL DU CENTRE D\u2019\u00c9TUDES SUR LE STRESS HUMAIN. Consult\u00e9 le 8 mars 2022, \u00e0 l\u2019adresse https:\/\/www.stresshumain.ca\/Documents\/pdf\/Mammouth-Magazine\/Mammouth_vol9_FR.pdf <a href=\"#302e877f-2f0f-4ab7-80a3-e81f6e126f35-link\" aria-label=\"Aller \u00e0 la note de bas de page 1\">\u21a9\ufe0e<\/a><\/li><li id=\"e1208a4e-a78a-4b5c-883d-63f9d9fa8111\"><em>Le contact avec la nature r\u00e9duit le stress et l\u2019anxi\u00e9t\u00e9<\/em>. (2021, 10 juin). Institut de Cardiologie de Montr\u00e9al. Consult\u00e9 le 8 mars 2022, \u00e0 l\u2019adresse https:\/\/www.icm-mhi.org\/fr\/salle-presse\/nouvelles\/contact-avec-nature-reduit-stress-et-lanxiete <a href=\"#e1208a4e-a78a-4b5c-883d-63f9d9fa8111-link\" aria-label=\"Aller \u00e0 la note de bas de page 2\">\u21a9\ufe0e<\/a><\/li><li id=\"0fe19bf7-4fc6-4268-a93b-e85a75d8967a\">Consult\u00e9 le 22 octobre 2024 \u00e0 l&rsquo;adresse 2024https:\/\/fr.wikipedia.org\/wiki\/Traitement_de_l%27information_sensorielle#:~:text=Ce%20traitement%20se%20manifeste%20en,par%20nos%20diff%C3%A9rents%20r%C3%A9cepteurs%20sensoriels.<br> <a href=\"#0fe19bf7-4fc6-4268-a93b-e85a75d8967a-link\" aria-label=\"Aller \u00e0 la note de bas de page 3\">\u21a9\ufe0e<\/a><\/li><li id=\"e07d25d0-66c5-4e21-a05b-b064f9686880\">Sonia J Lupien, Alexandra Fiocco, Nathalie Wan, Francoise Maheu, Catherine Lord, Tania Schramek, Mai Thanh Tu. (2005, avril). <em>NCBI &#8211; WWW Error Blocked Diagnostic<\/em>. National Library of Medecine. Consult\u00e9 le 5 mars 2022, \u00e0 l\u2019adresse https:\/\/pubmed.ncbi.nlm.nih.gov\/15511597\/ <a href=\"#e07d25d0-66c5-4e21-a05b-b064f9686880-link\" aria-label=\"Aller \u00e0 la note de bas de page 4\">\u21a9\ufe0e<\/a><\/li><li id=\"727ceddb-bd1a-41aa-876c-2975d73b5e24\">FRAN\u00c7OIS TRONCHE, S\u00c9BASTIEN PARNAUDEAU, BERTRAND NALPAS, TIPHAINE ROLAND. (2017, 17 mai). <em>Quels sont les liens entre stress et addiction ?<\/em> MAAD DIGITAL. Consult\u00e9 le 5 mars 2022, \u00e0 l\u2019adresse https:\/\/www.maad-digital.fr\/dossiers\/quels-sont-les-liens-entre-stress-et-addiction <a href=\"#727ceddb-bd1a-41aa-876c-2975d73b5e24-link\" aria-label=\"Aller \u00e0 la note de bas de page 5\">\u21a9\ufe0e<\/a><\/li><li id=\"f936eae7-f013-4566-89ac-65b73eaab3e3\"><em>L\u2019influence du stress sur les maladies cardiovasculaires | H\u00f4pital Erasme<\/em>. (s. d.). H\u00f4pital Erasme ULB. Consult\u00e9 le 7 mars 2022, \u00e0 l\u2019adresse https:\/\/www.erasme.ulb.ac.be\/fr\/services-de-soins\/services-medicaux\/cardiologie\/unite-coronaire\/l-influence-du-stress-sur-les <a href=\"#f936eae7-f013-4566-89ac-65b73eaab3e3-link\" aria-label=\"Aller \u00e0 la note de bas de page 6\">\u21a9\ufe0e<\/a><\/li><li id=\"54a77a5b-20e1-4ac3-a711-1e43193ec339\">Le sommeil du 3e type Pierre Magnin &#8211; Science et Avenir Hors-S\u00e9rie Le R\u00eave. (1996, d\u00e9cembre). <em>Les ondes c\u00e9r\u00e9brales<\/em>. https:\/\/www.univ-lyon1.fr\/. Consult\u00e9 le 10 mars 2022, \u00e0 l\u2019adresse http:\/\/sommeil.univ-lyon1.fr\/articles\/savenir\/3type\/ondes.php <a href=\"#54a77a5b-20e1-4ac3-a711-1e43193ec339-link\" aria-label=\"Aller \u00e0 la note de bas de page 7\">\u21a9\ufe0e<\/a><\/li><li id=\"c74c305a-f769-45bd-8b8e-14dcf9108014\">Attention <strong>En Belgique, pour \u00eatre psychoth\u00e9rapeute<\/strong>, il est n\u00e9cessaire d&rsquo;avoir r\u00e9alis\u00e9\u00a0<strong>un parcours universitaire<\/strong>. Apr\u00e8s un master en psychologie clinique ou en psychiatrie, quatre ann\u00e9es suppl\u00e9mentaires de formation sont pr\u00e9vues avant d\u2019obtenir le dipl\u00f4me afin de pratiquer en tant que psychoth\u00e9rapeute.<a href=\"https:\/\/pro.guidesocial.be\/actualites\/le-texte-du-projet-de-loi-sur-la-psychotherapie-a-ete-depose.html\"> <\/a>La loi stipule qu\u2019\u00e0 partir du 1er septembre 2016, seuls les psychologues cliniciens, les orthop\u00e9dagogues cliniciens et les m\u00e9decins pourront exercer la psychoth\u00e9rapie.<br>Le bachelier en conseiller conjugal et familial ne permet pas d&rsquo;exercer en tant que psychoth\u00e9rapeute. Celui-ci est un accompagnant, un professionnel de la relation d&rsquo;aide.<br>\u00c0 savoir que le therme &lsquo;th\u00e9rapeute\u00a0\u00bb lui peut \u00eatre utilis\u00e9, il n&rsquo;est pas encadr\u00e9 par la loi. <a href=\"#c74c305a-f769-45bd-8b8e-14dcf9108014-link\" aria-label=\"Aller \u00e0 la note de bas de page 8\">\u21a9\ufe0e<\/a><\/li><\/ol>","protected":false},"excerpt":{"rendered":"<p>Introduction Je travaille cette th\u00e9matique depuis maintenant quelques ann\u00e9es, de mani\u00e8re individuelle et en groupe. J&rsquo;ai anim\u00e9 des ateliers avec de jeunes adultes, notamment avec les \u00e9tudiants du bachelier \u00e9ducateur sp\u00e9cialis\u00e9 en accompagnement psycho\u00e9ducatif au sein de la Haute \u00e9cole en Hainaut. Dans le cadre de mes consultations sophrologiques, les demandes en termes de gestion&#8230;<\/p>\n","protected":false},"author":1,"featured_media":0,"comment_status":"closed","ping_status":"closed","sticky":false,"template":"","format":"standard","meta":{"footnotes":"[{\"content\":\"Marie-France Marin, Robert Paul Juster. (2011, janvier). <em>G\u00e9n\u00e9tique et stress : y a-t-il un lien ?<\/em> MAMMOUTH MAGAZINE, LE MAGAZINE OFFICIEL DU CENTRE D\u2019\u00c9TUDES SUR LE STRESS HUMAIN. Consult\u00e9 le 8 mars 2022, \u00e0 l\u2019adresse https:\/\/www.stresshumain.ca\/Documents\/pdf\/Mammouth-Magazine\/Mammouth_vol9_FR.pdf\",\"id\":\"302e877f-2f0f-4ab7-80a3-e81f6e126f35\"},{\"content\":\"<em>Le contact avec la nature r\u00e9duit le stress et l\u2019anxi\u00e9t\u00e9<\/em>. (2021, 10 juin). Institut de Cardiologie de Montr\u00e9al. Consult\u00e9 le 8 mars 2022, \u00e0 l\u2019adresse https:\/\/www.icm-mhi.org\/fr\/salle-presse\/nouvelles\/contact-avec-nature-reduit-stress-et-lanxiete\",\"id\":\"e1208a4e-a78a-4b5c-883d-63f9d9fa8111\"},{\"content\":\"Consult\u00e9 le 22 octobre 2024 \u00e0 l'adresse 2024https:\/\/fr.wikipedia.org\/wiki\/Traitement_de_l%27information_sensorielle#:~:text=Ce%20traitement%20se%20manifeste%20en,par%20nos%20diff%C3%A9rents%20r%C3%A9cepteurs%20sensoriels.<br>\",\"id\":\"0fe19bf7-4fc6-4268-a93b-e85a75d8967a\"},{\"content\":\"Sonia J Lupien, Alexandra Fiocco, Nathalie Wan, Francoise Maheu, Catherine Lord, Tania Schramek, Mai Thanh Tu. (2005, avril). <em>NCBI - WWW Error Blocked Diagnostic<\/em>. National Library of Medecine. Consult\u00e9 le 5 mars 2022, \u00e0 l\u2019adresse https:\/\/pubmed.ncbi.nlm.nih.gov\/15511597\/\",\"id\":\"e07d25d0-66c5-4e21-a05b-b064f9686880\"},{\"content\":\"FRAN\u00c7OIS TRONCHE, S\u00c9BASTIEN PARNAUDEAU, BERTRAND NALPAS, TIPHAINE ROLAND. (2017, 17 mai). <em>Quels sont les liens entre stress et addiction ?<\/em> MAAD DIGITAL. Consult\u00e9 le 5 mars 2022, \u00e0 l\u2019adresse https:\/\/www.maad-digital.fr\/dossiers\/quels-sont-les-liens-entre-stress-et-addiction\",\"id\":\"727ceddb-bd1a-41aa-876c-2975d73b5e24\"},{\"content\":\"<em>L\u2019influence du stress sur les maladies cardiovasculaires | H\u00f4pital Erasme<\/em>. (s. d.). H\u00f4pital Erasme ULB. Consult\u00e9 le 7 mars 2022, \u00e0 l\u2019adresse https:\/\/www.erasme.ulb.ac.be\/fr\/services-de-soins\/services-medicaux\/cardiologie\/unite-coronaire\/l-influence-du-stress-sur-les\",\"id\":\"f936eae7-f013-4566-89ac-65b73eaab3e3\"},{\"content\":\"Le sommeil du 3e type Pierre Magnin - Science et Avenir Hors-S\u00e9rie Le R\u00eave. (1996, d\u00e9cembre). <em>Les ondes c\u00e9r\u00e9brales<\/em>. https:\/\/www.univ-lyon1.fr\/. Consult\u00e9 le 10 mars 2022, \u00e0 l\u2019adresse http:\/\/sommeil.univ-lyon1.fr\/articles\/savenir\/3type\/ondes.php\",\"id\":\"54a77a5b-20e1-4ac3-a711-1e43193ec339\"},{\"content\":\"Attention <strong>En Belgique, pour \u00eatre psychoth\u00e9rapeute<\/strong>, il est n\u00e9cessaire d'avoir r\u00e9alis\u00e9\u00a0<strong>un parcours universitaire<\/strong>. Apr\u00e8s un master en psychologie clinique ou en psychiatrie, quatre ann\u00e9es suppl\u00e9mentaires de formation sont pr\u00e9vues avant d\u2019obtenir le dipl\u00f4me afin de pratiquer en tant que psychoth\u00e9rapeute.<a href=\\\"https:\/\/pro.guidesocial.be\/actualites\/le-texte-du-projet-de-loi-sur-la-psychotherapie-a-ete-depose.html\\\"> <\/a>La loi stipule qu\u2019\u00e0 partir du 1er septembre 2016, seuls les psychologues cliniciens, les orthop\u00e9dagogues cliniciens et les m\u00e9decins pourront exercer la psychoth\u00e9rapie.<br>Le bachelier en conseiller conjugal et familial ne permet pas d'exercer en tant que psychoth\u00e9rapeute. Celui-ci est un accompagnant, un professionnel de la relation d'aide.<br>\u00c0 savoir que le therme 'th\u00e9rapeute\\\" lui peut \u00eatre utilis\u00e9, il n'est pas encadr\u00e9 par la loi.\",\"id\":\"c74c305a-f769-45bd-8b8e-14dcf9108014\"}]"},"categories":[6,5],"tags":[],"class_list":["post-312","post","type-post","status-publish","format-standard","hentry","category-sophrologie","category-gestion-du-stress"],"yoast_head":"<!-- This site is optimized with the Yoast SEO plugin v27.3 - https:\/\/yoast.com\/product\/yoast-seo-wordpress\/ -->\n<title>La gestion du stress - Emmanuel Panfil<\/title>\n<meta name=\"description\" content=\"Qu&#039;est ce que le stress ? Gestion du stress, physiologie du stress, techniques pour g\u00e9rer son stress, etc.\" \/>\n<meta name=\"robots\" content=\"index, follow, max-snippet:-1, max-image-preview:large, max-video-preview:-1\" \/>\n<link rel=\"canonical\" href=\"https:\/\/epccf.com\/index.php\/2022\/03\/07\/la-gestion-du-stress\/\" \/>\n<meta property=\"og:locale\" content=\"fr_FR\" \/>\n<meta property=\"og:type\" content=\"article\" \/>\n<meta property=\"og:title\" content=\"La gestion du stress - Emmanuel Panfil\" \/>\n<meta property=\"og:description\" content=\"Qu&#039;est ce que le stress ? Gestion du stress, physiologie du stress, techniques pour g\u00e9rer son stress, etc.\" \/>\n<meta property=\"og:url\" content=\"https:\/\/epccf.com\/index.php\/2022\/03\/07\/la-gestion-du-stress\/\" \/>\n<meta property=\"og:site_name\" content=\"Emmanuel Panfil\" \/>\n<meta property=\"article:publisher\" content=\"https:\/\/www.facebook.com\/emmanuel.panfil\" \/>\n<meta property=\"article:published_time\" content=\"2022-03-07T14:53:26+00:00\" \/>\n<meta property=\"article:modified_time\" content=\"2026-04-10T09:26:47+00:00\" \/>\n<meta property=\"og:image\" content=\"https:\/\/epccf.com\/wp-content\/uploads\/2022\/03\/20944813-scaled.jpg\" \/>\n\t<meta property=\"og:image:width\" content=\"2560\" \/>\n\t<meta property=\"og:image:height\" content=\"1707\" \/>\n\t<meta property=\"og:image:type\" content=\"image\/jpeg\" \/>\n<meta name=\"author\" content=\"emmanuelpanfil\" \/>\n<meta name=\"twitter:card\" content=\"summary_large_image\" \/>\n<meta name=\"twitter:label1\" content=\"\u00c9crit par\" \/>\n\t<meta name=\"twitter:data1\" content=\"emmanuelpanfil\" \/>\n\t<meta name=\"twitter:label2\" content=\"Dur\u00e9e de lecture estim\u00e9e\" \/>\n\t<meta name=\"twitter:data2\" content=\"28 minutes\" \/>\n<script type=\"application\/ld+json\" class=\"yoast-schema-graph\">{\"@context\":\"https:\\\/\\\/schema.org\",\"@graph\":[{\"@type\":\"Article\",\"@id\":\"https:\\\/\\\/epccf.com\\\/index.php\\\/2022\\\/03\\\/07\\\/la-gestion-du-stress\\\/#article\",\"isPartOf\":{\"@id\":\"https:\\\/\\\/epccf.com\\\/index.php\\\/2022\\\/03\\\/07\\\/la-gestion-du-stress\\\/\"},\"author\":{\"name\":\"emmanuelpanfil\",\"@id\":\"https:\\\/\\\/epccf.com\\\/#\\\/schema\\\/person\\\/608bae813c82a7320ed561886af6eea5\"},\"headline\":\"La gestion du stress\",\"datePublished\":\"2022-03-07T14:53:26+00:00\",\"dateModified\":\"2026-04-10T09:26:47+00:00\",\"mainEntityOfPage\":{\"@id\":\"https:\\\/\\\/epccf.com\\\/index.php\\\/2022\\\/03\\\/07\\\/la-gestion-du-stress\\\/\"},\"wordCount\":5072,\"publisher\":{\"@id\":\"https:\\\/\\\/epccf.com\\\/#organization\"},\"image\":{\"@id\":\"https:\\\/\\\/epccf.com\\\/index.php\\\/2022\\\/03\\\/07\\\/la-gestion-du-stress\\\/#primaryimage\"},\"thumbnailUrl\":\"https:\\\/\\\/epccf.com\\\/wp-content\\\/uploads\\\/2022\\\/03\\\/20944813-1024x683.jpg\",\"articleSection\":[\"Sophrologie\",\"Stress\"],\"inLanguage\":\"fr-FR\"},{\"@type\":\"WebPage\",\"@id\":\"https:\\\/\\\/epccf.com\\\/index.php\\\/2022\\\/03\\\/07\\\/la-gestion-du-stress\\\/\",\"url\":\"https:\\\/\\\/epccf.com\\\/index.php\\\/2022\\\/03\\\/07\\\/la-gestion-du-stress\\\/\",\"name\":\"La gestion du stress - Emmanuel Panfil\",\"isPartOf\":{\"@id\":\"https:\\\/\\\/epccf.com\\\/#website\"},\"primaryImageOfPage\":{\"@id\":\"https:\\\/\\\/epccf.com\\\/index.php\\\/2022\\\/03\\\/07\\\/la-gestion-du-stress\\\/#primaryimage\"},\"image\":{\"@id\":\"https:\\\/\\\/epccf.com\\\/index.php\\\/2022\\\/03\\\/07\\\/la-gestion-du-stress\\\/#primaryimage\"},\"thumbnailUrl\":\"https:\\\/\\\/epccf.com\\\/wp-content\\\/uploads\\\/2022\\\/03\\\/20944813-1024x683.jpg\",\"datePublished\":\"2022-03-07T14:53:26+00:00\",\"dateModified\":\"2026-04-10T09:26:47+00:00\",\"description\":\"Qu'est ce que le stress ? Gestion du stress, physiologie du stress, techniques pour g\u00e9rer son stress, etc.\",\"breadcrumb\":{\"@id\":\"https:\\\/\\\/epccf.com\\\/index.php\\\/2022\\\/03\\\/07\\\/la-gestion-du-stress\\\/#breadcrumb\"},\"inLanguage\":\"fr-FR\",\"potentialAction\":[{\"@type\":\"ReadAction\",\"target\":[\"https:\\\/\\\/epccf.com\\\/index.php\\\/2022\\\/03\\\/07\\\/la-gestion-du-stress\\\/\"]}]},{\"@type\":\"ImageObject\",\"inLanguage\":\"fr-FR\",\"@id\":\"https:\\\/\\\/epccf.com\\\/index.php\\\/2022\\\/03\\\/07\\\/la-gestion-du-stress\\\/#primaryimage\",\"url\":\"https:\\\/\\\/epccf.com\\\/wp-content\\\/uploads\\\/2022\\\/03\\\/20944813-scaled.jpg\",\"contentUrl\":\"https:\\\/\\\/epccf.com\\\/wp-content\\\/uploads\\\/2022\\\/03\\\/20944813-scaled.jpg\",\"width\":2560,\"height\":1707,\"caption\":\"Exhausted, frustrated worker, burnout. Boss shout at employee, deadline. How to relieve stress, acute stress disorder, work related stress concept. Pinkish coral bluevector isolated illustration\"},{\"@type\":\"BreadcrumbList\",\"@id\":\"https:\\\/\\\/epccf.com\\\/index.php\\\/2022\\\/03\\\/07\\\/la-gestion-du-stress\\\/#breadcrumb\",\"itemListElement\":[{\"@type\":\"ListItem\",\"position\":1,\"name\":\"Accueil\",\"item\":\"https:\\\/\\\/epccf.com\\\/\"},{\"@type\":\"ListItem\",\"position\":2,\"name\":\"La gestion du stress\"}]},{\"@type\":\"WebSite\",\"@id\":\"https:\\\/\\\/epccf.com\\\/#website\",\"url\":\"https:\\\/\\\/epccf.com\\\/\",\"name\":\"EPCCF\",\"description\":\"Th\u00e9rapie individuelle, du couple et de la famille - Sexologue clinicien\",\"publisher\":{\"@id\":\"https:\\\/\\\/epccf.com\\\/#organization\"},\"potentialAction\":[{\"@type\":\"SearchAction\",\"target\":{\"@type\":\"EntryPoint\",\"urlTemplate\":\"https:\\\/\\\/epccf.com\\\/?s={search_term_string}\"},\"query-input\":{\"@type\":\"PropertyValueSpecification\",\"valueRequired\":true,\"valueName\":\"search_term_string\"}}],\"inLanguage\":\"fr-FR\"},{\"@type\":\"Organization\",\"@id\":\"https:\\\/\\\/epccf.com\\\/#organization\",\"name\":\"Emmanuel Panfil conseiller conjugal et familial\",\"url\":\"https:\\\/\\\/epccf.com\\\/\",\"logo\":{\"@type\":\"ImageObject\",\"inLanguage\":\"fr-FR\",\"@id\":\"https:\\\/\\\/epccf.com\\\/#\\\/schema\\\/logo\\\/image\\\/\",\"url\":\"https:\\\/\\\/epccf.com\\\/wp-content\\\/uploads\\\/2022\\\/02\\\/logo2.png\",\"contentUrl\":\"https:\\\/\\\/epccf.com\\\/wp-content\\\/uploads\\\/2022\\\/02\\\/logo2.png\",\"width\":358,\"height\":317,\"caption\":\"Emmanuel Panfil conseiller conjugal et familial\"},\"image\":{\"@id\":\"https:\\\/\\\/epccf.com\\\/#\\\/schema\\\/logo\\\/image\\\/\"},\"sameAs\":[\"https:\\\/\\\/www.facebook.com\\\/emmanuel.panfil\",\"https:\\\/\\\/www.instagram.com\\\/panfil_emmanuel\\\/\"]},{\"@type\":\"Person\",\"@id\":\"https:\\\/\\\/epccf.com\\\/#\\\/schema\\\/person\\\/608bae813c82a7320ed561886af6eea5\",\"name\":\"emmanuelpanfil\",\"image\":{\"@type\":\"ImageObject\",\"inLanguage\":\"fr-FR\",\"@id\":\"https:\\\/\\\/secure.gravatar.com\\\/avatar\\\/0a2362081972dbc9f4c069ff32ebe899080ff6e167741cfaf5f272eaf6a34e52?s=96&d=mm&r=g\",\"url\":\"https:\\\/\\\/secure.gravatar.com\\\/avatar\\\/0a2362081972dbc9f4c069ff32ebe899080ff6e167741cfaf5f272eaf6a34e52?s=96&d=mm&r=g\",\"contentUrl\":\"https:\\\/\\\/secure.gravatar.com\\\/avatar\\\/0a2362081972dbc9f4c069ff32ebe899080ff6e167741cfaf5f272eaf6a34e52?s=96&d=mm&r=g\",\"caption\":\"emmanuelpanfil\"},\"sameAs\":[\"https:\\\/\\\/epccf.com\"],\"url\":\"https:\\\/\\\/epccf.com\\\/index.php\\\/author\\\/emmanuelpanfil\\\/\"}]}<\/script>\n<!-- \/ Yoast SEO plugin. -->","yoast_head_json":{"title":"La gestion du stress - Emmanuel Panfil","description":"Qu'est ce que le stress ? Gestion du stress, physiologie du stress, techniques pour g\u00e9rer son stress, etc.","robots":{"index":"index","follow":"follow","max-snippet":"max-snippet:-1","max-image-preview":"max-image-preview:large","max-video-preview":"max-video-preview:-1"},"canonical":"https:\/\/epccf.com\/index.php\/2022\/03\/07\/la-gestion-du-stress\/","og_locale":"fr_FR","og_type":"article","og_title":"La gestion du stress - Emmanuel Panfil","og_description":"Qu'est ce que le stress ? Gestion du stress, physiologie du stress, techniques pour g\u00e9rer son stress, etc.","og_url":"https:\/\/epccf.com\/index.php\/2022\/03\/07\/la-gestion-du-stress\/","og_site_name":"Emmanuel Panfil","article_publisher":"https:\/\/www.facebook.com\/emmanuel.panfil","article_published_time":"2022-03-07T14:53:26+00:00","article_modified_time":"2026-04-10T09:26:47+00:00","og_image":[{"width":2560,"height":1707,"url":"https:\/\/epccf.com\/wp-content\/uploads\/2022\/03\/20944813-scaled.jpg","type":"image\/jpeg"}],"author":"emmanuelpanfil","twitter_card":"summary_large_image","twitter_misc":{"\u00c9crit par":"emmanuelpanfil","Dur\u00e9e de lecture estim\u00e9e":"28 minutes"},"schema":{"@context":"https:\/\/schema.org","@graph":[{"@type":"Article","@id":"https:\/\/epccf.com\/index.php\/2022\/03\/07\/la-gestion-du-stress\/#article","isPartOf":{"@id":"https:\/\/epccf.com\/index.php\/2022\/03\/07\/la-gestion-du-stress\/"},"author":{"name":"emmanuelpanfil","@id":"https:\/\/epccf.com\/#\/schema\/person\/608bae813c82a7320ed561886af6eea5"},"headline":"La gestion du stress","datePublished":"2022-03-07T14:53:26+00:00","dateModified":"2026-04-10T09:26:47+00:00","mainEntityOfPage":{"@id":"https:\/\/epccf.com\/index.php\/2022\/03\/07\/la-gestion-du-stress\/"},"wordCount":5072,"publisher":{"@id":"https:\/\/epccf.com\/#organization"},"image":{"@id":"https:\/\/epccf.com\/index.php\/2022\/03\/07\/la-gestion-du-stress\/#primaryimage"},"thumbnailUrl":"https:\/\/epccf.com\/wp-content\/uploads\/2022\/03\/20944813-1024x683.jpg","articleSection":["Sophrologie","Stress"],"inLanguage":"fr-FR"},{"@type":"WebPage","@id":"https:\/\/epccf.com\/index.php\/2022\/03\/07\/la-gestion-du-stress\/","url":"https:\/\/epccf.com\/index.php\/2022\/03\/07\/la-gestion-du-stress\/","name":"La gestion du stress - Emmanuel Panfil","isPartOf":{"@id":"https:\/\/epccf.com\/#website"},"primaryImageOfPage":{"@id":"https:\/\/epccf.com\/index.php\/2022\/03\/07\/la-gestion-du-stress\/#primaryimage"},"image":{"@id":"https:\/\/epccf.com\/index.php\/2022\/03\/07\/la-gestion-du-stress\/#primaryimage"},"thumbnailUrl":"https:\/\/epccf.com\/wp-content\/uploads\/2022\/03\/20944813-1024x683.jpg","datePublished":"2022-03-07T14:53:26+00:00","dateModified":"2026-04-10T09:26:47+00:00","description":"Qu'est ce que le stress ? Gestion du stress, physiologie du stress, techniques pour g\u00e9rer son stress, etc.","breadcrumb":{"@id":"https:\/\/epccf.com\/index.php\/2022\/03\/07\/la-gestion-du-stress\/#breadcrumb"},"inLanguage":"fr-FR","potentialAction":[{"@type":"ReadAction","target":["https:\/\/epccf.com\/index.php\/2022\/03\/07\/la-gestion-du-stress\/"]}]},{"@type":"ImageObject","inLanguage":"fr-FR","@id":"https:\/\/epccf.com\/index.php\/2022\/03\/07\/la-gestion-du-stress\/#primaryimage","url":"https:\/\/epccf.com\/wp-content\/uploads\/2022\/03\/20944813-scaled.jpg","contentUrl":"https:\/\/epccf.com\/wp-content\/uploads\/2022\/03\/20944813-scaled.jpg","width":2560,"height":1707,"caption":"Exhausted, frustrated worker, burnout. Boss shout at employee, deadline. How to relieve stress, acute stress disorder, work related stress concept. Pinkish coral bluevector isolated illustration"},{"@type":"BreadcrumbList","@id":"https:\/\/epccf.com\/index.php\/2022\/03\/07\/la-gestion-du-stress\/#breadcrumb","itemListElement":[{"@type":"ListItem","position":1,"name":"Accueil","item":"https:\/\/epccf.com\/"},{"@type":"ListItem","position":2,"name":"La gestion du stress"}]},{"@type":"WebSite","@id":"https:\/\/epccf.com\/#website","url":"https:\/\/epccf.com\/","name":"EPCCF","description":"Th\u00e9rapie individuelle, du couple et de la famille - Sexologue clinicien","publisher":{"@id":"https:\/\/epccf.com\/#organization"},"potentialAction":[{"@type":"SearchAction","target":{"@type":"EntryPoint","urlTemplate":"https:\/\/epccf.com\/?s={search_term_string}"},"query-input":{"@type":"PropertyValueSpecification","valueRequired":true,"valueName":"search_term_string"}}],"inLanguage":"fr-FR"},{"@type":"Organization","@id":"https:\/\/epccf.com\/#organization","name":"Emmanuel Panfil conseiller conjugal et familial","url":"https:\/\/epccf.com\/","logo":{"@type":"ImageObject","inLanguage":"fr-FR","@id":"https:\/\/epccf.com\/#\/schema\/logo\/image\/","url":"https:\/\/epccf.com\/wp-content\/uploads\/2022\/02\/logo2.png","contentUrl":"https:\/\/epccf.com\/wp-content\/uploads\/2022\/02\/logo2.png","width":358,"height":317,"caption":"Emmanuel Panfil conseiller conjugal et familial"},"image":{"@id":"https:\/\/epccf.com\/#\/schema\/logo\/image\/"},"sameAs":["https:\/\/www.facebook.com\/emmanuel.panfil","https:\/\/www.instagram.com\/panfil_emmanuel\/"]},{"@type":"Person","@id":"https:\/\/epccf.com\/#\/schema\/person\/608bae813c82a7320ed561886af6eea5","name":"emmanuelpanfil","image":{"@type":"ImageObject","inLanguage":"fr-FR","@id":"https:\/\/secure.gravatar.com\/avatar\/0a2362081972dbc9f4c069ff32ebe899080ff6e167741cfaf5f272eaf6a34e52?s=96&d=mm&r=g","url":"https:\/\/secure.gravatar.com\/avatar\/0a2362081972dbc9f4c069ff32ebe899080ff6e167741cfaf5f272eaf6a34e52?s=96&d=mm&r=g","contentUrl":"https:\/\/secure.gravatar.com\/avatar\/0a2362081972dbc9f4c069ff32ebe899080ff6e167741cfaf5f272eaf6a34e52?s=96&d=mm&r=g","caption":"emmanuelpanfil"},"sameAs":["https:\/\/epccf.com"],"url":"https:\/\/epccf.com\/index.php\/author\/emmanuelpanfil\/"}]}},"_links":{"self":[{"href":"https:\/\/epccf.com\/index.php\/wp-json\/wp\/v2\/posts\/312","targetHints":{"allow":["GET"]}}],"collection":[{"href":"https:\/\/epccf.com\/index.php\/wp-json\/wp\/v2\/posts"}],"about":[{"href":"https:\/\/epccf.com\/index.php\/wp-json\/wp\/v2\/types\/post"}],"author":[{"embeddable":true,"href":"https:\/\/epccf.com\/index.php\/wp-json\/wp\/v2\/users\/1"}],"replies":[{"embeddable":true,"href":"https:\/\/epccf.com\/index.php\/wp-json\/wp\/v2\/comments?post=312"}],"version-history":[{"count":50,"href":"https:\/\/epccf.com\/index.php\/wp-json\/wp\/v2\/posts\/312\/revisions"}],"predecessor-version":[{"id":742,"href":"https:\/\/epccf.com\/index.php\/wp-json\/wp\/v2\/posts\/312\/revisions\/742"}],"wp:attachment":[{"href":"https:\/\/epccf.com\/index.php\/wp-json\/wp\/v2\/media?parent=312"}],"wp:term":[{"taxonomy":"category","embeddable":true,"href":"https:\/\/epccf.com\/index.php\/wp-json\/wp\/v2\/categories?post=312"},{"taxonomy":"post_tag","embeddable":true,"href":"https:\/\/epccf.com\/index.php\/wp-json\/wp\/v2\/tags?post=312"}],"curies":[{"name":"wp","href":"https:\/\/api.w.org\/{rel}","templated":true}]}}